{"id":952627,"date":"2026-04-17T11:52:17","date_gmt":"2026-04-17T11:52:17","guid":{"rendered":"https:\/\/www.europesays.com\/de\/952627\/"},"modified":"2026-04-17T11:52:17","modified_gmt":"2026-04-17T11:52:17","slug":"tankstelle-in-gehrden-ueberfallen-jugendliche-unter-verdacht","status":"publish","type":"post","link":"https:\/\/www.europesays.com\/de\/952627\/","title":{"rendered":"Tankstelle in Gehrden \u00fcberfallen: Jugendliche unter Verdacht"},"content":{"rendered":"<p>\n                Stand: 17.04.2026 12:44 Uhr<\/p>\n<p>                    <a href=\"https:\/\/www.europesays.com\/de\/wp-content\/uploads\/2026\/04\/polizei7236.webp\" class=\"zoomimage\" title=\"Bild vergr\u00f6\u00dfern\"><\/p>\n<p>        <img decoding=\"async\" src=\"https:\/\/www.europesays.com\/de\/wp-content\/uploads\/2026\/04\/polizei7236.webp\" alt=\"Ein Polizist, der seine H\u00e4nde unter die Schutzweste der Uniform gesteckt hat.\" title=\"Die Polizei ermittelte zwei mutma\u00dfliche T\u00e4ter. Sie sind 15 und 17 Jahre alt. (Themenbild) | NDR, Julius Matuschik\" class=\"responsive\" loading=\"lazy\"\/><\/p>\n<p>                    <\/a><\/p>\n<p>                    Die Polizei ermittelte zwei mutma\u00dfliche T\u00e4ter. Sie sind 15 und 17 Jahre alt. (Themenbild)<\/p>\n<p class=\"\">In Gehrden (Region Hannover) ist am Donnerstagabend eine Tankstelle \u00fcberfallen worden. Die mutma\u00dflichen T\u00e4ter sind nach Angaben der Polizei 15 und 17 Jahre alt. Die beiden Jugendlichen sollen den Tankstellenmitarbeiter mit einer Waffe bedroht und von ihm Bargeld gefordert haben, sagte ein Polizeisprecher. Sie erbeuteten den Angaben zufolge eine Summe im niedrigen dreistelligen Bereich und fl\u00fcchteten. Der Mitarbeiter konnte der Polizei die T\u00e4ter nach dem \u00dcberfall beschreiben. Die Einsatzkr\u00e4fte stellten die beiden Verd\u00e4chtigen noch in der N\u00e4he des Tatorts. Sie seien der Polizei bereits bekannt. Mithilfe eines Polizeihundes wurde den Angaben zufolge sp\u00e4ter auch die Schreckschusswaffe gefunden, die bei dem \u00dcberfall verwendet worden sein soll.<\/p>\n","protected":false},"excerpt":{"rendered":"Stand: 17.04.2026 12:44 Uhr Die Polizei ermittelte zwei mutma\u00dfliche T\u00e4ter. Sie sind 15 und 17 Jahre alt. (Themenbild)&hellip;\n","protected":false},"author":2,"featured_media":952628,"comment_status":"","ping_status":"","sticky":false,"template":"","format":"standard","meta":{"footnotes":"","_share_on_mastodon":"0"},"categories":[1836],"tags":[590,3364,29,32138,30,46,1722,14,15,1411,121,13809,10934,5310],"class_list":["post-952627","post","type-post","status-publish","format-standard","has-post-thumbnail","category-hannover","tag-aktuell","tag-de","tag-deutschland","tag-gehrden","tag-germany","tag-hannover","tag-jugendliche","tag-nachrichten","tag-news","tag-niedersachsen","tag-polizei","tag-schreckschusswaffe","tag-tankstelle","tag-ueberfall"],"share_on_mastodon":{"url":"https:\/\/pubeurope.com\/@de\/116419911348790918","error":""},"_links":{"self":[{"href":"https:\/\/www.europesays.com\/de\/wp-json\/wp\/v2\/posts\/952627","targetHints":{"allow":["GET"]}}],"collection":[{"href":"https:\/\/www.europesays.com\/de\/wp-json\/wp\/v2\/posts"}],"about":[{"href":"https:\/\/www.europesays.com\/de\/wp-json\/wp\/v2\/types\/post"}],"author":[{"embeddable":true,"href":"https:\/\/www.europesays.com\/de\/wp-json\/wp\/v2\/users\/2"}],"replies":[{"embeddable":true,"href":"https:\/\/www.europesays.com\/de\/wp-json\/wp\/v2\/comments?post=952627"}],"version-history":[{"count":0,"href":"https:\/\/www.europesays.com\/de\/wp-json\/wp\/v2\/posts\/952627\/revisions"}],"wp:featuredmedia":[{"embeddable":true,"href":"https:\/\/www.europesays.com\/de\/wp-json\/wp\/v2\/media\/952628"}],"wp:attachment":[{"href":"https:\/\/www.europesays.com\/de\/wp-json\/wp\/v2\/media?parent=952627"}],"wp:term":[{"taxonomy":"category","embeddable":true,"href":"https:\/\/www.europesays.com\/de\/wp-json\/wp\/v2\/categories?post=952627"},{"taxonomy":"post_tag","embeddable":true,"href":"https:\/\/www.europesays.com\/de\/wp-json\/wp\/v2\/tags?post=952627"}],"curies":[{"name":"wp","href":"https:\/\/api.w.org\/{rel}","templated":true}]}}