{"id":952878,"date":"2026-04-17T14:27:18","date_gmt":"2026-04-17T14:27:18","guid":{"rendered":"https:\/\/www.europesays.com\/de\/952878\/"},"modified":"2026-04-17T14:27:18","modified_gmt":"2026-04-17T14:27:18","slug":"herford-wohnzimmer-vibes-in-der-petrikirche","status":"publish","type":"post","link":"https:\/\/www.europesays.com\/de\/952878\/","title":{"rendered":"Herford: Wohnzimmer-Vibes in der Petrikirche"},"content":{"rendered":"<p>Die Petrikirche in Herford wird am Sonntag (19.04.26) wieder zum Wohnzimmer umfunktioniert. Die Gemeinde l\u00e4dt \u00fcbermorgen dazu ein, Sitzgelegenheiten wie Sofas oder Sessel mitzubringen. So soll eine gem\u00fctliche Atmosph\u00e4re entstehen, um Gedanken, Ideen und Visionen auszutauschen.\u00a0<\/p>\n<p>Hamburger Idee \u00fcbernommen<\/p>\n<p>Es wird auch gemeinsam gegessen, dazu gibt es Bier oder Limo. Das Konzept der so genannten Wohnzimmerkirche stammt aus Hamburg und hat die Herforder Petri-Gemeinde so \u00fcberzeugt, dass sie es zum mittlerweile vierten Mal selbst umsetzt. Los geht es am Sonntag ab 16 Uhr 30.\u00a0<\/p>\n","protected":false},"excerpt":{"rendered":"Die Petrikirche in Herford wird am Sonntag (19.04.26) wieder zum Wohnzimmer umfunktioniert. Die Gemeinde l\u00e4dt \u00fcbermorgen dazu ein,&hellip;\n","protected":false},"author":2,"featured_media":952879,"comment_status":"","ping_status":"","sticky":false,"template":"","format":"standard","meta":{"footnotes":"","_share_on_mastodon":"0"},"categories":[1841],"tags":[27397,1605,3364,29,30,16398,1209,44704],"class_list":["post-952878","post","type-post","status-publish","format-standard","has-post-thumbnail","category-bielefeld","tag-wohnzimmer","tag-bielefeld","tag-de","tag-deutschland","tag-germany","tag-herford","tag-nordrhein-westfalen","tag-petrikirche"],"share_on_mastodon":{"url":"https:\/\/pubeurope.com\/@de\/116420519327430956","error":""},"_links":{"self":[{"href":"https:\/\/www.europesays.com\/de\/wp-json\/wp\/v2\/posts\/952878","targetHints":{"allow":["GET"]}}],"collection":[{"href":"https:\/\/www.europesays.com\/de\/wp-json\/wp\/v2\/posts"}],"about":[{"href":"https:\/\/www.europesays.com\/de\/wp-json\/wp\/v2\/types\/post"}],"author":[{"embeddable":true,"href":"https:\/\/www.europesays.com\/de\/wp-json\/wp\/v2\/users\/2"}],"replies":[{"embeddable":true,"href":"https:\/\/www.europesays.com\/de\/wp-json\/wp\/v2\/comments?post=952878"}],"version-history":[{"count":0,"href":"https:\/\/www.europesays.com\/de\/wp-json\/wp\/v2\/posts\/952878\/revisions"}],"wp:featuredmedia":[{"embeddable":true,"href":"https:\/\/www.europesays.com\/de\/wp-json\/wp\/v2\/media\/952879"}],"wp:attachment":[{"href":"https:\/\/www.europesays.com\/de\/wp-json\/wp\/v2\/media?parent=952878"}],"wp:term":[{"taxonomy":"category","embeddable":true,"href":"https:\/\/www.europesays.com\/de\/wp-json\/wp\/v2\/categories?post=952878"},{"taxonomy":"post_tag","embeddable":true,"href":"https:\/\/www.europesays.com\/de\/wp-json\/wp\/v2\/tags?post=952878"}],"curies":[{"name":"wp","href":"https:\/\/api.w.org\/{rel}","templated":true}]}}