{"id":953738,"date":"2026-04-17T23:22:51","date_gmt":"2026-04-17T23:22:51","guid":{"rendered":"https:\/\/www.europesays.com\/de\/953738\/"},"modified":"2026-04-17T23:22:51","modified_gmt":"2026-04-17T23:22:51","slug":"verler-firma-baut-niederlassung-in-lippstadt","status":"publish","type":"post","link":"https:\/\/www.europesays.com\/de\/953738\/","title":{"rendered":"Verler Firma baut Niederlassung in Lippstadt"},"content":{"rendered":"<p>Rund 60 Besch\u00e4ftigte des Verler Unternehmens Elektro Beckhoff sollen in Lippstadt ihren neuen Arbeitsplatz beziehen.<\/p>\n<p>Verl\/Lippstadt (gl) &#8211; F\u00fcnf Millionen Euro investiert die Verler Firma Elektro Beckhoff in eine neue Niederlassung in Lippstadt. Anfang 2027 soll der Neubau fertiggestellt sein. Zun\u00e4chst ist geplant, dass dort rund 60 Besch\u00e4ftigte ihren neuen Arbeitsplatz erhalten.<\/p>\n<p class=\"contextmenu caption\">1100 Quadratmeter B\u00fcrofl\u00e4che entstehen<\/p>\n<p>Auf dem 5900 Quadratmeter gro\u00dfen Grundst\u00fcck entsteht ein Geb\u00e4ude mit 1100 Quadratmetern B\u00fcrofl\u00e4che und eine 980 Quadratmeter gro\u00dfe Lagerhalle, hei\u00dft es in einer Mitteilung. Ausgestattet wird das Geb\u00e4ude mit einer Photovoltaikanlage, Heiz- und K\u00fchldecken und einer intelligenten Geb\u00e4udesteuerung.\u00a0<\/p>\n<p>Insgesamt besch\u00e4ftigt das Unternehmen 1060 Mitarbeiter. \u201e230 davon sind Auszubildende\u201c, wird Gesch\u00e4ftsf\u00fchrer Stefan Beckhoff in dem Schreiben zitiert. Und weiter: \u201eWir m\u00f6chten, dass mindestens jeder f\u00fcnfte Besch\u00e4ftigte ein Auszubildender ist. Das bedeutet Zukunft und Weiterentwicklung f\u00fcr das Unternehmen\u201c. Durch diesen Fokus geh\u00f6re Elektro Beckhoff deutschlandweit zu den gr\u00f6\u00dften Ausbildungsbetrieben im Elektrohandwerk.<\/p>\n<p class=\"contextmenu caption\">\u201eFokus liegt auf der Ausbildung junger Menschen\u201c<\/p>\n<p>Johannes Drees berichtet, dass er den ersten Kontakt zu der m\u00f6glichen Ansiedlung mit Holger Gebauer von der Wirtschaftsf\u00f6rderung (WFL) aufgenommen habe und vonseiten der WFL \u00fcber die gesamte Planungs- und Vorbereitungszeit hervorragend betreut worden sei. \u201e\u00dcber die Ansiedlungsanfrage des Unternehmens haben wir uns nat\u00fcrlich sehr gefreut. Nicht zuletzt, weil der Fokus auf der Ausbildung junger Menschen liegt und hier in Lippstadt neue Arbeitspl\u00e4tze entstehen\u201c, betont Holger Gebauer.\u00a0<\/p>\n<p>Vom neuen Standort verspreche sich das Verler Unternehmen eine noch bessere Kundenbindung, vor allem an Lippst\u00e4dter Kunden, und Wachstum in der Region Soest, konkretisiert Johannes Drees als Lippst\u00e4dter seine Erwartungen. Der Gro\u00dfteil des Umsatzes werde im Bereich der Industriekundschaft verbucht. \u201eAber auch f\u00fcr Privatkunden stehen wir nat\u00fcrlich jederzeit gerne zur Verf\u00fcgung\u201c, erg\u00e4nzt Stefan Beckhoff.<\/p>\n<p class=\"contextmenu caption\">Bundesweit unterh\u00e4lt Elektro Beckhoff 13 Standorte<\/p>\n<p>Das Unternehmen Elektro Beckhoff ist spezialisiert auf Installations- und Geb\u00e4udetechnik und realisiert elektrotechnische Anlagen f\u00fcr Industrie, Wohnungsbau, Krankenh\u00e4user, Hotels und \u00f6ffentliche Einrichtungen. Das Familienunternehmen wurde 1953 in Verl gegr\u00fcndet und unterh\u00e4lt bundesweit 13 Standorte. Das von Arnold, Stefan und Thomas Beckhoff gef\u00fchrte Unternehmen mit Sitz in Verl erwirtschaftete 2025 einen Umsatz von 186 Millionen Euro.<\/p>\n<p>Texte und Fotos von die-glocke.de sind urheberrechtlich gesch\u00fctzt.<br \/>\n            Weiterverwendung nur mit Genehmigung der Chefredaktion.<\/p>\n","protected":false},"excerpt":{"rendered":"Rund 60 Besch\u00e4ftigte des Verler Unternehmens Elektro Beckhoff sollen in Lippstadt ihren neuen Arbeitsplatz beziehen. Verl\/Lippstadt (gl) &#8211;&hellip;\n","protected":false},"author":2,"featured_media":953739,"comment_status":"","ping_status":"","sticky":false,"template":"","format":"standard","meta":{"footnotes":"","_share_on_mastodon":"0"},"categories":[1841],"tags":[142149,1605,3364,29,207612,27941,30,50755,2190,1209,173,3724,55],"class_list":["post-953738","post","type-post","status-publish","format-standard","has-post-thumbnail","category-bielefeld","tag-beckhoff","tag-bielefeld","tag-de","tag-deutschland","tag-elektro-beckhoff","tag-firma","tag-germany","tag-lippstadt","tag-neubau","tag-nordrhein-westfalen","tag-unternehmen","tag-verl","tag-wirtschaft"],"share_on_mastodon":{"url":"https:\/\/pubeurope.com\/@de\/116422627062888274","error":""},"_links":{"self":[{"href":"https:\/\/www.europesays.com\/de\/wp-json\/wp\/v2\/posts\/953738","targetHints":{"allow":["GET"]}}],"collection":[{"href":"https:\/\/www.europesays.com\/de\/wp-json\/wp\/v2\/posts"}],"about":[{"href":"https:\/\/www.europesays.com\/de\/wp-json\/wp\/v2\/types\/post"}],"author":[{"embeddable":true,"href":"https:\/\/www.europesays.com\/de\/wp-json\/wp\/v2\/users\/2"}],"replies":[{"embeddable":true,"href":"https:\/\/www.europesays.com\/de\/wp-json\/wp\/v2\/comments?post=953738"}],"version-history":[{"count":0,"href":"https:\/\/www.europesays.com\/de\/wp-json\/wp\/v2\/posts\/953738\/revisions"}],"wp:featuredmedia":[{"embeddable":true,"href":"https:\/\/www.europesays.com\/de\/wp-json\/wp\/v2\/media\/953739"}],"wp:attachment":[{"href":"https:\/\/www.europesays.com\/de\/wp-json\/wp\/v2\/media?parent=953738"}],"wp:term":[{"taxonomy":"category","embeddable":true,"href":"https:\/\/www.europesays.com\/de\/wp-json\/wp\/v2\/categories?post=953738"},{"taxonomy":"post_tag","embeddable":true,"href":"https:\/\/www.europesays.com\/de\/wp-json\/wp\/v2\/tags?post=953738"}],"curies":[{"name":"wp","href":"https:\/\/api.w.org\/{rel}","templated":true}]}}