{"id":953845,"date":"2026-04-18T00:22:18","date_gmt":"2026-04-18T00:22:18","guid":{"rendered":"https:\/\/www.europesays.com\/de\/953845\/"},"modified":"2026-04-18T00:22:18","modified_gmt":"2026-04-18T00:22:18","slug":"alexander-dueck-respektiert-entscheidung-des-clubs-und-erklaert-werde-den-strafbefehl-akzeptieren","status":"publish","type":"post","link":"https:\/\/www.europesays.com\/de\/953845\/","title":{"rendered":"Alexander D\u00fcck respektiert Entscheidung des Clubs und erkl\u00e4rt: \u201eWerde den Strafbefehl akzeptieren\u201c"},"content":{"rendered":"<p> <img loading=\"lazy\" decoding=\"async\" src=\"https:\/\/www.europesays.com\/de\/wp-content\/uploads\/2026\/04\/1776471738_159_tall.jpg\" width=\"640\" height=\"413\" border=\"0\" alt=\"\"\/>  <\/p>\n<p>Alexander D\u00fcck stand am vergangenen Freitag zum letzten Mal an der Bietigheimer Bande. Eine Woche nach seiner Freistellung meldete sich der Ex-Coach der Steelers zu Wort.<br \/>Foto: IMAGO \/ Pressefoto Baumann<\/p>\n<p>Alexander D\u00fcck \u2013 ehemaliger Head Coach der Bietigheim Steelers, gegen den vor einer Woche ein Strafbefehl wegen des Vorwurfs der sexuellen Bel\u00e4stigung erlassen wurde (<a href=\"https:\/\/www.eishockeynews.de\/artikel\/2026\/04\/11\/strafbefehl-gegen-steelers-coach-alexander-dueck-erlassen\/7647c09e-58da-4df3-a09a-5527f14638e4.html\" target=\"_blank\" rel=\"nofollow noopener\">Eishockey NEWS berichtete<\/a>) \u2013 \u00e4u\u00dferte sich am Freitag auf eigenen Wunsch hin gegen\u00fcber Eishockey NEWS zum Strafbefehl und zu seiner Freistellung bei den Bietigheim Steelers am vergangenen Samstag. In einem schriftlichen Statement erkl\u00e4rt der Deutsch-Kasache: \u201eIch werde den Strafbefehl im Verfahren gegen mich akzeptieren. Diese Entscheidung ist kein Schuldeingest\u00e4ndnis, sondern Ergebnis einer verantwortungsbewussten Abw\u00e4gung aller Umst\u00e4nde. Mein besonderer Dank geht dabei an meine Familie f\u00fcr ihren Beistand und Rat.\u201c<\/p>\n<p>Dem Strafbefehl ging eine Strafanzeige von zwei ehemaligen Physiotherapeutinnen des Clubs im M\u00e4rz 2025 voraus, nach der ein Ermittlungsverfahren eingeleitet wurde (<a href=\"https:\/\/www.eishockeynews.de\/artikel\/2025\/05\/18\/schwere-vorwuerfe-gegen-bietigheims-trainer-alexander-dueck-rustige-sicherheit-und-wohlergehen-an-erster-stelle\/2085cb6d-c692-4961-b4f9-eb3efc1314cf.html\" target=\"_blank\" rel=\"nofollow noopener\">Eishockey NEWS berichtete<\/a>). Nun erkl\u00e4rt der 45-J\u00e4hrige gegen\u00fcber unserer Redaktion, weshalb er den Strafbefehl akzeptiert: \u201eIm Mittelpunkt meiner Entscheidung steht f\u00fcr mich, weiteren Schaden vom Club, der Mannschaft und meinem pers\u00f6nlichen Umfeld abzuwenden sowie eine unn\u00f6tige \u00f6ffentliche Zuspitzung zu vermeiden. Durch die Zahlung der vom Gericht angeordneten Tagess\u00e4tze gelte ich als nicht vorbestraft.\u201c D\u00fcck \u00fcbernahm das Amt des Cheftrainers in Bietigheim im Januar 2024 in einer Spielzeit, als der Schlittschuhclub als Absteiger aus der PENNY DEL auch in der DEL2 mit dem R\u00fccken zur Wand stand und letztlich in die Oberliga abstieg. In der Dritten Liga schaffte es D\u00fcck, dem Standort sportlich wieder Leben einzuhauchen. Die Steelers schafften den direkten Wiederaufstieg und gl\u00e4nzten bei ihrer DEL2-R\u00fcckkehr 2025\/26 als \u00dcberraschungshalbfinalist.\u00a0<\/p>\n<p>\u201eGemeinsam haben wir in einer anspruchsvollen Phase Strukturen geschaffen, eine klare sportliche Identit\u00e4t entwickelt und als Team einen Weg gepr\u00e4gt, der von Einsatz und Entwicklung getragen war\u201c, blickt D\u00fcck mit \u201e\u00dcberzeugung und Stolz\u201c auf die sportliche Bergfahrt seiner Mannschaft zur\u00fcck. Vor Spiel 6 des Halbfinals gegen die Kassel Huskies \u2013 einen Tag, nachdem bekannt wurde, dass gegen D\u00fcck ein Strafbefehl vorliegt \u2013 reagierte der Club mit dessen Freistellung. \u00dcber diese Entscheidung mitten in den Playoffs sagt der Bietigheimer Ex-Coach: \u201eIch respektiere die Entscheidung des Clubs und werde meinen weiteren Weg mit Klarheit, Ruhe und voller \u00dcberzeugung gehen. Mein Dank gilt der Mannschaft, dem Staff, allen Mitarbeitern im Club sowie den Fans f\u00fcr ihr Vertrauen, ihre Unterst\u00fctzung und ihren Einsatz.\u201c Die Bietigheim Steelers, bei denen Assistent Boris Blank vor Spiel 6 der Halbfinalserie gegen Kassel als Interimschef \u00fcbernahm, verloren diese Partie mit 3:4 in der Overtime und schieden somit einen Tag nach der Trennung von D\u00fcck aus der Endrunde aus. Wie es bei den Schwaben auf der Trainerposition 2026\/27 weitergeht, ist noch nicht bekannt.<\/p>\n<p><b>Lisa Taduschewski\/Sebastian Gro\u00df<\/b><\/p>\n","protected":false},"excerpt":{"rendered":"Alexander D\u00fcck stand am vergangenen Freitag zum letzten Mal an der Bietigheimer Bande. Eine Woche nach seiner Freistellung&hellip;\n","protected":false},"author":2,"featured_media":953846,"comment_status":"","ping_status":"","sticky":false,"template":"","format":"standard","meta":{"footnotes":"","_share_on_mastodon":"0"},"categories":[136],"tags":[156322,9488,29,30,265],"class_list":["post-953845","post","type-post","status-publish","format-standard","has-post-thumbnail","category-sport","tag-bietigheim-steelers","tag-del2","tag-deutschland","tag-germany","tag-sport"],"share_on_mastodon":{"url":"https:\/\/pubeurope.com\/@de\/116422859164729776","error":""},"_links":{"self":[{"href":"https:\/\/www.europesays.com\/de\/wp-json\/wp\/v2\/posts\/953845","targetHints":{"allow":["GET"]}}],"collection":[{"href":"https:\/\/www.europesays.com\/de\/wp-json\/wp\/v2\/posts"}],"about":[{"href":"https:\/\/www.europesays.com\/de\/wp-json\/wp\/v2\/types\/post"}],"author":[{"embeddable":true,"href":"https:\/\/www.europesays.com\/de\/wp-json\/wp\/v2\/users\/2"}],"replies":[{"embeddable":true,"href":"https:\/\/www.europesays.com\/de\/wp-json\/wp\/v2\/comments?post=953845"}],"version-history":[{"count":0,"href":"https:\/\/www.europesays.com\/de\/wp-json\/wp\/v2\/posts\/953845\/revisions"}],"wp:featuredmedia":[{"embeddable":true,"href":"https:\/\/www.europesays.com\/de\/wp-json\/wp\/v2\/media\/953846"}],"wp:attachment":[{"href":"https:\/\/www.europesays.com\/de\/wp-json\/wp\/v2\/media?parent=953845"}],"wp:term":[{"taxonomy":"category","embeddable":true,"href":"https:\/\/www.europesays.com\/de\/wp-json\/wp\/v2\/categories?post=953845"},{"taxonomy":"post_tag","embeddable":true,"href":"https:\/\/www.europesays.com\/de\/wp-json\/wp\/v2\/tags?post=953845"}],"curies":[{"name":"wp","href":"https:\/\/api.w.org\/{rel}","templated":true}]}}