{"id":954110,"date":"2026-04-18T02:47:19","date_gmt":"2026-04-18T02:47:19","guid":{"rendered":"https:\/\/www.europesays.com\/de\/954110\/"},"modified":"2026-04-18T02:47:19","modified_gmt":"2026-04-18T02:47:19","slug":"bergdoktor-star-ronja-forcher-privat-das-mag-sie-in-muenchen","status":"publish","type":"post","link":"https:\/\/www.europesays.com\/de\/954110\/","title":{"rendered":"&#8222;Bergdoktor&#8220;-Star Ronja Forcher privat: Das mag sie in M\u00fcnchen"},"content":{"rendered":"<p>&#8222;Bergdoktor&#8220;-Star <\/p>\n<p>Darauf freut sich Ronja Forcher in M\u00fcnchen am meisten<\/p>\n<p>Aktualisiert am 18.04.2026 &#8211; 02:00 UhrLesedauer: 2 Min.<\/p>\n<p><a href=\"#focus-0\" class=\"transition-colors duration-200 block text-current relative\" data-sctrack=\"FocusGalleryImage.Reference\"><img fetchpriority=\"high\" data-testid=\"Opener.Image\" style=\"--lqipURL:url('https:\/\/images.t-online.de\/2026\/03\/YeQ2sygzWsCn\/0x106:4000x2250\/fit-in\/150x0\/filters:blur(25)\/ronja-forcher-schauspielerin-einzelbild-angeschnittenes-einzelmotiv-portraet-portrait-portraet-salvator-starkbier-probe-2026-auf-dem-nockherberg-in-muenchen-am-04-032026-ronja-forcher-actress-single-picture-cropped-single-motif-portrait-portrait-portrait-salvator-starkbier-rehearsal-2026-at-the-nockherberg-in-munich-on-04-03-2026.jpg')\"   loading=\"eager\" src=\"https:\/\/www.europesays.com\/de\/wp-content\/uploads\/2026\/03\/ronja-forcher-schauspielerin-einzelbild-angeschnittenes-einzelmotiv-portraet-portrait-portraet-salva.jpeg\" alt=\"imago images 0849617601\" title=\"imago images 0849617601\" width=\"4000\" height=\"2250\" class=\"bg-[url:var(--lqipURL)] bg-cover bg-center flex h-full w-full max-w-full\" decoding=\"async\"\/><img style=\"--width:32;--height:32\" loading=\"lazy\" src=\"https:\/\/muenchen.t-online.de\/s\/paper\/_next\/static\/media\/zoom-in.f7dae02f.svg\" alt=\"Vergr\u00f6\u00dfern des Bildes\" title=\"Vergr\u00f6\u00dfern des Bildes\" class=\"block h-[calc(var(--height)_\/_16_*_1rem)] w-[calc(var(--width)_\/_16_*_1rem)] max-w-none absolute bottom-8 right-8 rounded-4 bg-snow p-8\" decoding=\"async\"\/><\/a><\/p>\n<p>Ronja Forcher auf dem Nockherberg: Auf dem roten Teppich hat sie t-online verraten, was sie in M\u00fcnchen am liebsten macht. (Quelle: IMAGO\/Frank Hoermann \/ SVEN SIMON\/imago)<\/p>\n<p class=\"font-bold text-18 leading-17 user-text-lg:text-22 user-text-xl:text-24\">Der &#8222;Bergdoktor&#8220; wird in Tirol gedreht, dort kommt auch Schauspielerin Ronja Forcher her. Doch auch M\u00fcnchen hat es ihr angetan \u2013 vor allem aus zwei Gr\u00fcnden.<\/p>\n<p class=\"text-18 leading-17 user-text-lg:text-22 user-text-xl:text-24\">Schauspielerin Ronja Forcher ist aus der &#8222;Bergdoktor&#8220;-Serie gar nicht mehr wegzudenken. Schon seit ihrer Kindheit spielt die 29-J\u00e4hrige in der ZDF-Serie Lilli Gruber. Privat wohnt Forcher in Potsdam, also recht weit weg von den Bergen.<\/p>\n<p class=\"text-18 leading-17 user-text-lg:text-22 user-text-xl:text-24\">Auch wenn sie rund ein Drittel des Jahres bei ihrer Familie in Tirol verbringt, freut sich die Schauspielerin jedes Mal auf einen Besuch in der bayerischen Landeshauptstadt, wie Forcher der M\u00fcnchner Lokalredaktion von t-online verr\u00e4t. Unter anderem wegen der kulinarischen Spezialit\u00e4ten \u2013 und insbesondere der Brezen.<\/p>\n<p class=\"text-18 leading-17 user-text-lg:text-22 user-text-xl:text-24\">Im Gro\u00dfraum Berlin gebe es einfach keine guten Brezen. &#8222;Selbst beim B\u00e4cker sind die furztrocken und total hart&#8220;, sagt Forcher. Doch nicht nur kulinarisch kann M\u00fcnchen die 29-J\u00e4hrige \u00fcberzeugen.<\/p>\n<p class=\"text-18 leading-17 user-text-lg:text-22 user-text-xl:text-24\">Auch die Sonnenunterg\u00e4nge in der Stadt haben es ihr angetan. &#8222;Ich bin oft zur Abendstunde in M\u00fcnchen, da f\u00e4llt mir jedes Mal diese rote Sonne auf, die so sch\u00f6n untergeht \u00fcber der Stadt mit den ganzen Kircht\u00fcrmen, das liebe ich&#8220;, schw\u00e4rmt Forcher.<\/p>\n<p class=\"text-18 leading-17 user-text-lg:text-22 user-text-xl:text-24\">Au\u00dferdem kommen bei ihr in M\u00fcnchen Heimatgef\u00fchle auf. Zwar liege ihr Zuhause in Tirol, &#8222;aber M\u00fcnchen ist kulturell mit Tirol verwandt&#8220;, findet der &#8222;Bergdoktor&#8220;-Star. Weiter gesteht Forcher, dass sie meistens zum Arbeiten in M\u00fcnchen sei. &#8222;Vielleicht sollte ich auch mal privat herkommen&#8220;, schickt sie hinterher.<\/p>\n<p class=\"text-18 leading-17 user-text-lg:text-22 user-text-xl:text-24\">Das Finale der 19. &#8222;Bergdoktor&#8220;-Staffel wurde am 5. M\u00e4rz im ZDF ausgestrahlt. Aktuell laufen die Dreharbeiten f\u00fcr die Jubil\u00e4umsstaffel. Sie soll im Januar 2027 im Fernsehen gezeigt werden.<\/p>\n","protected":false},"excerpt":{"rendered":"&#8222;Bergdoktor&#8220;-Star Darauf freut sich Ronja Forcher in M\u00fcnchen am meisten Aktualisiert am 18.04.2026 &#8211; 02:00 UhrLesedauer: 2 Min.&hellip;\n","protected":false},"author":2,"featured_media":890168,"comment_status":"","ping_status":"","sticky":false,"template":"","format":"standard","meta":{"footnotes":"","_share_on_mastodon":"0"},"categories":[1827],"tags":[772,29,30,127169,1268,7610,127168,9292,1448],"class_list":["post-954110","post","type-post","status-publish","format-standard","has-post-thumbnail","category-muenchen","tag-bayern","tag-deutschland","tag-germany","tag-lilli-gruber","tag-muenchen","tag-potsdam","tag-ronja-forcher","tag-tirol","tag-zdf"],"share_on_mastodon":{"url":"https:\/\/pubeurope.com\/@de\/116423429180786100","error":""},"_links":{"self":[{"href":"https:\/\/www.europesays.com\/de\/wp-json\/wp\/v2\/posts\/954110","targetHints":{"allow":["GET"]}}],"collection":[{"href":"https:\/\/www.europesays.com\/de\/wp-json\/wp\/v2\/posts"}],"about":[{"href":"https:\/\/www.europesays.com\/de\/wp-json\/wp\/v2\/types\/post"}],"author":[{"embeddable":true,"href":"https:\/\/www.europesays.com\/de\/wp-json\/wp\/v2\/users\/2"}],"replies":[{"embeddable":true,"href":"https:\/\/www.europesays.com\/de\/wp-json\/wp\/v2\/comments?post=954110"}],"version-history":[{"count":0,"href":"https:\/\/www.europesays.com\/de\/wp-json\/wp\/v2\/posts\/954110\/revisions"}],"wp:featuredmedia":[{"embeddable":true,"href":"https:\/\/www.europesays.com\/de\/wp-json\/wp\/v2\/media\/890168"}],"wp:attachment":[{"href":"https:\/\/www.europesays.com\/de\/wp-json\/wp\/v2\/media?parent=954110"}],"wp:term":[{"taxonomy":"category","embeddable":true,"href":"https:\/\/www.europesays.com\/de\/wp-json\/wp\/v2\/categories?post=954110"},{"taxonomy":"post_tag","embeddable":true,"href":"https:\/\/www.europesays.com\/de\/wp-json\/wp\/v2\/tags?post=954110"}],"curies":[{"name":"wp","href":"https:\/\/api.w.org\/{rel}","templated":true}]}}