{"id":954341,"date":"2026-04-18T05:07:16","date_gmt":"2026-04-18T05:07:16","guid":{"rendered":"https:\/\/www.europesays.com\/de\/954341\/"},"modified":"2026-04-18T05:07:16","modified_gmt":"2026-04-18T05:07:16","slug":"energiekrise-finanzminister-klingbeil-fordert-schritte-gegen-nahenden-kerosinmangel","status":"publish","type":"post","link":"https:\/\/www.europesays.com\/de\/954341\/","title":{"rendered":"Energiekrise: Finanzminister Klingbeil fordert Schritte gegen nahenden Kerosinmangel"},"content":{"rendered":"<p class=\"paragraph article__item\">Bundesfinanzminister <a href=\"https:\/\/www.zeit.de\/thema\/lars-klingbeil\" target=\"_blank\" rel=\"nofollow noopener\">Lars Klingbeil<\/a> (SPD) hat Ma\u00dfnahmen gegen einen drohenden Kerosinmangel in Deutschland gefordert. <a href=\"https:\/\/www.zeit.de\/wirtschaft\/2026-04\/strasse-von-hormus-kerosin-europa-internationale-energieagentur\" target=\"_blank\" rel=\"nofollow noopener\">Laut der Internationalen Energieagentur IEA<\/a> k\u00f6nnte bereits im kommenden Monat in Europa das <a class=\"rtr-entity\" href=\"https:\/\/www.zeit.de\/thema\/kerosin\" rel=\"nofollow noopener\" target=\"_blank\">Kerosin<\/a> knapp werden<a href=\"https:\/\/www.zeit.de\/mobilitaet\/2026-04\/lufthansa-kerosin-knappheit-nahost-krieg-gxe\" target=\"_blank\" rel=\"nofollow noopener\">.<\/a> \u00bbWir m\u00fcssen die Warnungen vor Kerosinknappheit sehr ernst nehmen\u00ab, sagte Klingbeil dem Spiegel. Damit kritisiert der Vizekanzler indirekt seine Kabinettskollegin, Bundeswirtschaftsministerin Katharina Reiche (CDU), die bislang keine Engp\u00e4sse bef\u00fcrchtet.\n<\/p>\n<p class=\"paragraph article__item\">Nach Ansicht Klingbeils muss sich die Welt auf lang anhaltende Auswirkungen des Krieges im Nahen Osten einstellen. \u00bbWir sind in einer Situation, die \u00e4hnlich herausfordernd ist wie die <a class=\"rtr-entity\" href=\"https:\/\/www.zeit.de\/thema\/europaeische-energiekrise\" rel=\"nofollow noopener\" target=\"_blank\">Energiekrise<\/a> nach dem russischen \u00dcberfall auf die Ukraine\u00ab, sagte er auf dem R\u00fcckflug aus Washington, wo er an der Fr\u00fchjahrstagung von Internationalem W\u00e4hrungsfond (IWF) und Weltbank teilnahm. \u00bbDie Beratungen haben mir nochmal gezeigt, dass diese Krise gr\u00f6\u00dfer und hartn\u00e4ckiger ist, als viele glauben.\u00ab\n<\/p>\n<p>        IEA warnt vor Kerosinknappheit innerhalb von sechs Wochen        <\/p>\n<p class=\"paragraph article__item\">Die Internationale Energieagentur hatte am Freitag gewarnt, in mehreren europ\u00e4ischen L\u00e4nder <a href=\"https:\/\/www.zeit.de\/mobilitaet\/2026-04\/drohende-flugausfaelle-kerosin-knappheit-fluggaeste-rechte\" target=\"_blank\" rel=\"nofollow noopener\">zeichne sich in den kommenden sechs Wochen eine beginnende Kerosinknappheit <\/a>ab. Bundeswirtschaftsministerin Katherina Reiche (<a class=\"rtr-entity\" href=\"https:\/\/www.zeit.de\/thema\/cdu\" rel=\"nofollow noopener\" target=\"_blank\">CDU<\/a>)<br \/>\nhatte daraufhin gesagt, Kerosin werde auch in deutschen Raffinerien<br \/>\nproduziert. Man sei nicht nur von Importen abh\u00e4ngig.\n<\/p>\n<p class=\"paragraph article__item\">Klingbeil mahnt hingegen, die Krise zu untersch\u00e4tzen. Eine l\u00e4nger anhaltende Kerosinknappheit h\u00e4tte auch Auswirkungen auf beschlossene Entlastungen f\u00fcr B\u00fcrger. Der sogenannte Tankrabatt von 17 Cent pro Liter Sprit etwa ist nur auf zwei Monate angelegt. Klingbeil ruft seine Koalitionspartner deshalb dazu auf, \u00bbein gro\u00dfes und vor allem gerechtes Reformpaket\u00ab auf den Weg zu bringen. \u00bbWir m\u00fcssen das Land resilienter machen, weniger abh\u00e4ngig von fossilen Energieimporten\u00ab, sagte der Finanzminister im Spiegel.\n<\/p>\n<p>        Luftverkehrsverband rechnet mit Knappheit \u00fcber Kriegsende hinaus        <\/p>\n<p class=\"paragraph article__item\">Schon am Donnerstag hatte Klingbeil seine Kabinettskollegin Reiche vor<br \/>\neinem Ausbremsen der <a href=\"https:\/\/www.zeit.de\/wirtschaft\/2024-06\/kerosin-co2-neutral-atmosfair\" target=\"_blank\" rel=\"nofollow noopener\">Energiewende <\/a>gewarnt und darauf verwiesen, im<br \/>\nKoalitionsvertrag sei vereinbart worden, dass der Ausbau der<br \/>\nerneuerbaren Energien weitergehe.\u00a0\n<\/p>\n<p>                            \u00a9\u00a0Lea Dohle<\/p>\n<p>\n                                        Newsletter<br \/>\n                                        Was jetzt? \u2013 Der t\u00e4gliche Morgen\u00fcberblick<\/p>\n<p class=\"newsletter-signup__text\">Starten Sie mit unserem kurzen Nachrichten-Newsletter in den Tag. Erhalten Sie zudem freitags das digitale Magazin ZEIT am Wochenende.<\/p>\n<p class=\"newsletter-signup__datapolicy\" hidden=\"\">\n            Mit Ihrer Registrierung nehmen Sie die <a href=\"https:\/\/datenschutz.zeit.de\/zon#Newsletter\" target=\"_blank\" rel=\"nofollow noopener\">Datenschutzerkl\u00e4rung<\/a> zur Kenntnis.\n        <\/p>\n<p>    Vielen Dank! Wir haben Ihnen eine E-Mail geschickt.<\/p>\n<p>Pr\u00fcfen Sie Ihr Postfach und best\u00e4tigen Sie das Newsletter-Abonnement.<\/p>\n<p class=\"paragraph article__item\">Nach Angaben des Luftverkehrsverbands in Berlin wird sich die Lage<br \/>\nselbst bei einem kurzfristigen Ende des Irankriegs auf den<br \/>\nEnergiem\u00e4rkten nur langsam entspannen. Die Preise f\u00fcr Kerosin haben sich<br \/>\n seit Beginn des Krieges mehr als verdoppelt. Ein gro\u00dfer Teil der<br \/>\nImporte stammt aus dem Nahen Osten, zahlreiche \u00d6lanlagen im<br \/>\nKrisengebiet sind zerst\u00f6rt.\n<\/p>\n<p>Irankrieg<\/p>\n<p>            Kerosinmangel        <\/p>\n<p>                <a href=\"https:\/\/www.zeit.de\/mobilitaet\/2026-04\/drohende-flugausfaelle-kerosin-knappheit-fluggaeste-rechte\" data-ct-label=\"Kerosinmangel: Ist jetzt mein Urlaub in Gefahr?\" data-uuid=\"b3a206ef-bb5b-4b01-8d54-2dae563f3347\" rel=\"nofollow noopener\" target=\"_blank\"><\/p>\n<p>        Z+ (abopflichtiger Inhalt);<\/p>\n<p>    Kerosinmangel:<br \/>\n                        Ist jetzt mein Urlaub in Gefahr?<\/p>\n<p>                <\/a><\/p>\n<p>                <a href=\"https:\/\/www.zeit.de\/mobilitaet\/2026-04\/treibstoffknappheit-kerosin-diesel-lufthansa-raffinerien\" data-ct-label=\"Treibstoffknappheit: Werden jetzt Diesel, Kerosin und Heiz\u00f6l knapp?\" data-uuid=\"1aeb9969-dd2a-4dd4-a3ae-dbc208940ca6\" rel=\"nofollow noopener\" target=\"_blank\"><\/p>\n<p>                        Treibstoffknappheit:<br \/>\n                        Werden jetzt Diesel, Kerosin und Heiz\u00f6l knapp?<\/p>\n<p>                <\/a><\/p>\n<p>                <a href=\"https:\/\/www.zeit.de\/wirtschaft\/2026-03\/flugverkehr-fluggesellschaft-oelpreis-kerosin-iran-krieg\" data-ct-label=\"Flugverkehr: Luftfahrt in Not\" data-uuid=\"a7ae3f29-a391-41c7-9a0f-ffce980a056f\" rel=\"nofollow noopener\" target=\"_blank\"><\/p>\n<p>        Z+ (abopflichtiger Inhalt);<\/p>\n<p>    Flugverkehr:<br \/>\n                        Luftfahrt in Not<\/p>\n<p>                <\/a><\/p>\n","protected":false},"excerpt":{"rendered":"Bundesfinanzminister Lars Klingbeil (SPD) hat Ma\u00dfnahmen gegen einen drohenden Kerosinmangel in Deutschland gefordert. Laut der Internationalen Energieagentur IEA&hellip;\n","protected":false},"author":2,"featured_media":954342,"comment_status":"","ping_status":"","sticky":false,"template":"","format":"standard","meta":{"footnotes":"","_share_on_mastodon":"0"},"categories":[2],"tags":[331,3924,332,3922,31,3364,29,46430,663,30,13,13543,198165,30427,776,14,3923,15,3921,16,12,184,68324,320,15835],"class_list":["post-954341","post","type-post","status-publish","format-standard","has-post-thumbnail","category-deutschland","tag-aktuelle-nachrichten","tag-aktuelle-nachrichten-aus-deutschland","tag-aktuelle-news","tag-aktuelle-news-aus-deutschland","tag-cdu","tag-de","tag-deutschland","tag-energiekrise","tag-europa","tag-germany","tag-headlines","tag-iwf","tag-katharina-reiche","tag-katherina-reiche","tag-lars-klingbeil","tag-nachrichten","tag-nachrichten-aus-deutschland","tag-news","tag-news-aus-deutschland","tag-politik","tag-schlagzeilen","tag-spd","tag-spiegel","tag-washington","tag-weltbank"],"share_on_mastodon":{"url":"https:\/\/pubeurope.com\/@de\/116423979543282776","error":""},"_links":{"self":[{"href":"https:\/\/www.europesays.com\/de\/wp-json\/wp\/v2\/posts\/954341","targetHints":{"allow":["GET"]}}],"collection":[{"href":"https:\/\/www.europesays.com\/de\/wp-json\/wp\/v2\/posts"}],"about":[{"href":"https:\/\/www.europesays.com\/de\/wp-json\/wp\/v2\/types\/post"}],"author":[{"embeddable":true,"href":"https:\/\/www.europesays.com\/de\/wp-json\/wp\/v2\/users\/2"}],"replies":[{"embeddable":true,"href":"https:\/\/www.europesays.com\/de\/wp-json\/wp\/v2\/comments?post=954341"}],"version-history":[{"count":0,"href":"https:\/\/www.europesays.com\/de\/wp-json\/wp\/v2\/posts\/954341\/revisions"}],"wp:featuredmedia":[{"embeddable":true,"href":"https:\/\/www.europesays.com\/de\/wp-json\/wp\/v2\/media\/954342"}],"wp:attachment":[{"href":"https:\/\/www.europesays.com\/de\/wp-json\/wp\/v2\/media?parent=954341"}],"wp:term":[{"taxonomy":"category","embeddable":true,"href":"https:\/\/www.europesays.com\/de\/wp-json\/wp\/v2\/categories?post=954341"},{"taxonomy":"post_tag","embeddable":true,"href":"https:\/\/www.europesays.com\/de\/wp-json\/wp\/v2\/tags?post=954341"}],"curies":[{"name":"wp","href":"https:\/\/api.w.org\/{rel}","templated":true}]}}