{"id":954591,"date":"2026-04-18T07:39:21","date_gmt":"2026-04-18T07:39:21","guid":{"rendered":"https:\/\/www.europesays.com\/de\/954591\/"},"modified":"2026-04-18T07:39:21","modified_gmt":"2026-04-18T07:39:21","slug":"sanierung-hildapromenade-bringt-baeume-buerger-kritisieren-hingegen-wege-und-verkehr","status":"publish","type":"post","link":"https:\/\/www.europesays.com\/de\/954591\/","title":{"rendered":"Sanierung Hildapromenade bringt B\u00e4ume, B\u00fcrger kritisieren hingegen Wege und Verkehr"},"content":{"rendered":"<p class=\"mb-6 text-xs md:text-m lg:text-l font-serif group-[.font-sans]:font-sans \">\n    Zwei Millionen Euro erh\u00e4lt die Stadt <a href=\"https:\/\/www.ka-news.de\/karlsruhe\" target=\"_self\" class=\"underline \" rel=\"nofollow noopener\">Karlsruhe<\/a> aus der Bundeskasse zur Sanierung der Hildapromenade. Wie das Geld konkret eingesetzt werden soll, haben wir bereits hier zusammengefasst: <a href=\"https:\/\/www.ka-news.de\/karlsruhe\/stadtgespraech\/sanierung-der-hildapromenade-diese-bereiche-werden-umgebaut-18-3-26-113719257\" target=\"_self\" class=\"underline \" rel=\"nofollow noopener\">Das ist bis Ende 2028 geplant!<\/a>\n  <\/p>\n<p>    <img decoding=\"async\" src=\"https:\/\/www.europesays.com\/de\/wp-content\/uploads\/2026\/04\/whatsapp-image-2026-04-17-at-204514.jpg\" alt=\"B\u00fcrgerbeteiligung zur Neugestaltung der Hildapromenade am 17. April 2026.\" title=\"B\u00fcrgerbeteiligung zur Neugestaltung der Hildapromenade am 17. April 2026.\" loading=\"lazy\" class=\"h-full w-full object-cover\"\/><\/p>\n<p>      Icon vergr\u00f6\u00dfern<\/p>\n<p>    B\u00fcrgerbeteiligung zur Neugestaltung der Hildapromenade am 17. April 2026.<br \/>\n    Foto: Katharina Peifer<\/p>\n<p>        Schlie\u00dfen <\/p>\n<p>      Icon Schlie\u00dfen<\/p>\n<p>        Icon vergr\u00f6\u00dfern<\/p>\n<p>        Icon verkleinern<\/p>\n<p>      Icon Pfeil bewegen<\/p>\n<p>    B\u00fcrgerbeteiligung zur Neugestaltung der Hildapromenade am 17. April 2026.<br \/>\n    Foto: Katharina Peifer<\/p>\n<p class=\"mb-6 text-xs md:text-m lg:text-l font-serif group-[.font-sans]:font-sans \">\n    Im Rahmen einer erneuten B\u00fcrgerbeteiligung am 17. April sollten die Pl\u00e4ne mit den B\u00fcrgern diskutiert und eventuelle \u00c4nderungsvorschl\u00e4ge gepr\u00fcft werden. Doch die gut besuchte Veranstaltung in der Lukaskirche lie\u00df schnell den <strong class=\"font-bold\">Unmut der Teilnehmer \u00fcber die Gesamtsituation<\/strong> vor Ort hochkochen.\n  <\/p>\n<p>            Stadt kann keine Mehrkosten f\u00fcr Wasser und D\u00fcnger stemmen<\/p>\n<p class=\"mb-6 text-xs md:text-m lg:text-l font-serif group-[.font-sans]:font-sans \">\n    Die Hildapromenade ist als Gr\u00fcnstreifen inmitten einer Fahrradstra\u00dfe eingebettet. Das stelle auch das Gartenbauamt laut eigener Aussage vor Herausforderungen. Es k\u00f6nnen nur gepflanzt werden, wo keine Leitungen verlaufen, die in Konflikt mit den Wurzeln kommen k\u00f6nnten. Hinzu sei die Bodenbeschaffenheit sehr trocken. Es braucht zu viel Wasser und D\u00fcnger, ein Aufwand, welcher sich die Stadt nicht leisten kann.\n  <\/p>\n<p>    <img decoding=\"async\" src=\"https:\/\/www.europesays.com\/de\/wp-content\/uploads\/2026\/04\/whatsapp-image-2026-04-17-at-204527.jpg\" alt=\"B\u00fcrgerbeteiligung zur Neugestaltung der Hildapromenade am 17. April 2026.\" title=\"B\u00fcrgerbeteiligung zur Neugestaltung der Hildapromenade am 17. April 2026.\" loading=\"lazy\" class=\"h-full w-full object-cover\"\/><\/p>\n<p>      Icon vergr\u00f6\u00dfern<\/p>\n<p>    B\u00fcrgerbeteiligung zur Neugestaltung der Hildapromenade am 17. April 2026.<br \/>\n    Foto: Katharina Peifer<\/p>\n<p>        Schlie\u00dfen <\/p>\n<p>      Icon Schlie\u00dfen<\/p>\n<p>        Icon vergr\u00f6\u00dfern<\/p>\n<p>        Icon verkleinern<\/p>\n<p>      Icon Pfeil bewegen<\/p>\n<p>    B\u00fcrgerbeteiligung zur Neugestaltung der Hildapromenade am 17. April 2026.<br \/>\n    Foto: Katharina Peifer<\/p>\n<p>            Anwohner kritisieren Verkehrssituation auf der Hildapromenade<\/p>\n<p class=\"mb-6 text-xs md:text-m lg:text-l font-serif group-[.font-sans]:font-sans \">\n    Die erste Wortmeldung spricht die allgemeine Verkehrssituation in der Hildapromenade an. <strong class=\"font-bold\">\u201eWir haben eine Fahrradstra\u00dfe, doch mit einem kleinen Kind kann man auf der Promenade nicht laufen\u201c<\/strong>, sagt die Anwohnerin. Denn die Radfahrer bleiben oft nicht auf der Fahrradstra\u00dfe und <strong class=\"font-bold\">durchqueren auf dem Rad die Gr\u00fcnfl\u00e4che<\/strong>, was rechtlich auch erlaubt ist. \u201eGenerell gibt es keine Laufwege in der Gr\u00fcnanlage, weshalb sich viel mehr Trampelpfade entwickeln\u201c, erg\u00e4nzt ein weiterer B\u00fcrger.\n  <\/p>\n<p>            Anwohner beklagen Mangel an \u00f6ffentlichen Toiletten<\/p>\n<p class=\"mb-6 text-xs md:text-m lg:text-l font-serif group-[.font-sans]:font-sans \">\n    Weitere Kritikpunkte sind der <strong class=\"font-bold\">Feinstaub, welcher auf den Wegen entstehe<\/strong> und sich verbreitet, sowie der <strong class=\"font-bold\">Mangel an \u00f6ffentlichen Toiletten<\/strong>. Au\u00dferdem wird die Frage nach <strong class=\"font-bold\">Sauberkeit und Vandalismus<\/strong> laut. Insbesondere die <strong class=\"font-bold\">Gegend um den Budo-Club gelte als Brennpunkt<\/strong>. Doris Fath, die Leiterin des Gartenbauamts in Karlsruhe, sagt dazu knapp: \u201eWir glauben immer an das Gute im Menschen.\u201c\n  <\/p>\n<p>            Liegengelassene Glasflaschen bis hin zu Drogenbesteck pr\u00e4gen laut Anwohner regelm\u00e4\u00dfig das Bild der n\u00f6rdlichen Hildapromenade<\/p>\n<p>    <img decoding=\"async\" src=\"https:\/\/www.europesays.com\/de\/wp-content\/uploads\/2026\/04\/whatsapp-image-2026-04-17-at-204523-1.jpg\" alt=\"B\u00fcrgerbeteiligung zur Neugestaltung der Hildapromenade am 17. April 2026.\" title=\"B\u00fcrgerbeteiligung zur Neugestaltung der Hildapromenade am 17. April 2026.\" loading=\"lazy\" class=\"h-full w-full object-cover\"\/><\/p>\n<p>      Icon vergr\u00f6\u00dfern<\/p>\n<p>    B\u00fcrgerbeteiligung zur Neugestaltung der Hildapromenade am 17. April 2026.<br \/>\n    Foto: Katharina Peifer<\/p>\n<p>        Schlie\u00dfen <\/p>\n<p>      Icon Schlie\u00dfen<\/p>\n<p>        Icon vergr\u00f6\u00dfern<\/p>\n<p>        Icon verkleinern<\/p>\n<p>      Icon Pfeil bewegen<\/p>\n<p>    B\u00fcrgerbeteiligung zur Neugestaltung der Hildapromenade am 17. April 2026.<br \/>\n    Foto: Katharina Peifer<\/p>\n<p class=\"mb-6 text-xs md:text-m lg:text-l font-serif group-[.font-sans]:font-sans \">\n    Michael Meyer lebt bereits seit \u00fcber 50 Jahren an der n\u00f6rdlichen Hildapromenade. \u201eIch sehe die gesellschaftliche Ver\u00e4nderung\u201c, sagt er gegen\u00fcber ka-news. Dass die Jugend feiere, sei f\u00fcr den Anlieger in Ordnung, doch in der Nacht, in einer Anlage, in welcher sich der Schall fange, betrachtet Meyer als kritisch.<strong class=\"font-bold\"> Liegengelassene Glasflaschen bis hin zu Drogenbesteck pr\u00e4gen regelm\u00e4\u00dfig das Bild am Morgen. <\/strong>Ihm war es wichtig, diesen Punkt bei der B\u00fcrgerbeteiligung anzusprechen, da eine <strong class=\"font-bold\">Umgestaltung dazu f\u00fchren sollte, dass sich alle wohler f\u00fchlen.<\/strong>\n  <\/p>\n<p>            \u201eSobald Trampelpfade entstehen, ist dies etwas, worauf die Stadt bei der Planung eingehen sollte\u201c<\/p>\n<p>    <img decoding=\"async\" src=\"https:\/\/www.europesays.com\/de\/wp-content\/uploads\/2026\/04\/whatsapp-image-2026-04-17-at-204523.jpg\" alt=\"B\u00fcrgerbeteiligung zur Neugestaltung der Hildapromenade am 17. April 2026.\" title=\"B\u00fcrgerbeteiligung zur Neugestaltung der Hildapromenade am 17. April 2026.\" loading=\"lazy\" class=\"h-full w-full object-cover\"\/><\/p>\n<p>      Icon vergr\u00f6\u00dfern<\/p>\n<p>    B\u00fcrgerbeteiligung zur Neugestaltung der Hildapromenade am 17. April 2026.<br \/>\n    Foto: Katharina Peifer<\/p>\n<p>        Schlie\u00dfen <\/p>\n<p>      Icon Schlie\u00dfen<\/p>\n<p>        Icon vergr\u00f6\u00dfern<\/p>\n<p>        Icon verkleinern<\/p>\n<p>      Icon Pfeil bewegen<\/p>\n<p>    B\u00fcrgerbeteiligung zur Neugestaltung der Hildapromenade am 17. April 2026.<br \/>\n    Foto: Katharina Peifer<\/p>\n<p class=\"mb-6 text-xs md:text-m lg:text-l font-serif group-[.font-sans]:font-sans \">\n    Rufael Mekuria hingegen hat an der B\u00fcrgerbeteiligung als Hundebesitzer teilgenommen. Die Sorge sei gro\u00df gewesen, dass die Hundeauslauffl\u00e4chen gestrichen werden. Eine Sorge, mit der bereits zu Beginn der Veranstaltung aufger\u00e4umt wurde: Die Hundeauslauffl\u00e4chen sollen alle erhalten bleiben. Doch auch zu dem Thema der verschiedenen Verkehrsteilnehmer in der Hildapromenade hat Mekuria eine starke Meinung:<strong class=\"font-bold\"> \u201eSobald Trampelpfade entstehen, ist dies etwas, worauf die Stadt bei der Planung eingehen sollte\u201c<\/strong>, sagt er. Denn, dass es \u00fcberhaupt dazu kam, l\u00e4sst bereits auf eine L\u00fccke in der Planung schlie\u00dfen.\n  <\/p>\n<p class=\"mb-6 text-xs md:text-m lg:text-l font-serif group-[.font-sans]:font-sans \">\n    Er fasst zudem zusammen: <strong class=\"font-bold\">\u201eNiemand hat sich \u00fcber die geplanten Vorhaben der Stadt beschwert, \u00fcber die Grundidee, grunds\u00e4tzlich ist es gut, dass \u00fcberhaupt etwas getan wird.\u201c<\/strong>\n  <\/p>\n<p>            \u201eBesonders die mit Feinstaub belasteten Wege sind ein gro\u00dfes Thema\u201c<\/p>\n<p>    <img decoding=\"async\" src=\"https:\/\/www.europesays.com\/de\/wp-content\/uploads\/2026\/04\/whatsapp-image-2026-04-17-at-204515.jpg\" alt=\"B\u00fcrgerbeteiligung zur Neugestaltung der Hildapromenade am 17. April 2026.\" title=\"B\u00fcrgerbeteiligung zur Neugestaltung der Hildapromenade am 17. April 2026.\" loading=\"lazy\" class=\"h-full w-full object-cover\"\/><\/p>\n<p>      Icon vergr\u00f6\u00dfern<\/p>\n<p>    B\u00fcrgerbeteiligung zur Neugestaltung der Hildapromenade am 17. April 2026.<br \/>\n    Foto: Katharina Peifer<\/p>\n<p>        Schlie\u00dfen <\/p>\n<p>      Icon Schlie\u00dfen<\/p>\n<p>        Icon vergr\u00f6\u00dfern<\/p>\n<p>        Icon verkleinern<\/p>\n<p>      Icon Pfeil bewegen<\/p>\n<p>    B\u00fcrgerbeteiligung zur Neugestaltung der Hildapromenade am 17. April 2026.<br \/>\n    Foto: Katharina Peifer<\/p>\n<p class=\"mb-6 text-xs md:text-m lg:text-l font-serif group-[.font-sans]:font-sans \">\n    Berenike Dietz sieht die gro\u00dfe B\u00fcrgerbeteiligung bei der jetzigen Sanierung, insbesondere in der <strong class=\"font-bold\">seit Jahren andauerten und bisher wenig Aufmerksamkeit gespendeten Situation<\/strong> der Hildapromenade. \u201eBesonders die mit Feinstaub belasteten Wege sind ein gro\u00dfes Thema\u201c, sagt sie gegen\u00fcber der Redaktion. Eine bessere sowie klarere Regelung bei den verschiedenen Verkehrsteilnehmern empfindet sie zudem als sehr sinnvoll.\n  <\/p>\n<ul data-module-id=\"DragDropModule\" class=\"flex flex-wrap justify-start group-[.no-bookmarks]:hidden\">\n<li class=\"mb-3 mr-3\">\n    Katharina Peifer<\/p>\n<p>      Icon Haken im Kreis gesetzt<\/p>\n<p>      Icon Plus im Kreis<\/p>\n<\/li>\n<li class=\"mb-3 mr-3\">\n    Sanierung<\/p>\n<p>      Icon Haken im Kreis gesetzt<\/p>\n<p>      Icon Plus im Kreis<\/p>\n<\/li>\n<li class=\"mb-3 mr-3\">\n    Feinstaub<\/p>\n<p>      Icon Haken im Kreis gesetzt<\/p>\n<p>      Icon Plus im Kreis<\/p>\n<\/li>\n<\/ul>\n","protected":false},"excerpt":{"rendered":"Zwei Millionen Euro erh\u00e4lt die Stadt Karlsruhe aus der Bundeskasse zur Sanierung der Hildapromenade. Wie das Geld konkret&hellip;\n","protected":false},"author":2,"featured_media":954592,"comment_status":"","ping_status":"","sticky":false,"template":"","format":"standard","meta":{"footnotes":"","_share_on_mastodon":"0"},"categories":[1844],"tags":[43805,1634,13494,3364,29,137157,14253,38293,30,8903,4045,4108,4253,95712],"class_list":["post-954591","post","type-post","status-publish","format-standard","has-post-thumbnail","category-karlsruhe","tag-aufenthaltsqualitaet","tag-baden-wuerttemberg","tag-buergerbeteiligung","tag-de","tag-deutschland","tag-doris-fath","tag-fahrradstrasse","tag-feinstaub","tag-germany","tag-karlsruhe","tag-konflikt","tag-sanierung","tag-verkehrssicherheit","tag-wegefuehrung"],"share_on_mastodon":{"url":"https:\/\/pubeurope.com\/@de\/116424577546307613","error":""},"_links":{"self":[{"href":"https:\/\/www.europesays.com\/de\/wp-json\/wp\/v2\/posts\/954591","targetHints":{"allow":["GET"]}}],"collection":[{"href":"https:\/\/www.europesays.com\/de\/wp-json\/wp\/v2\/posts"}],"about":[{"href":"https:\/\/www.europesays.com\/de\/wp-json\/wp\/v2\/types\/post"}],"author":[{"embeddable":true,"href":"https:\/\/www.europesays.com\/de\/wp-json\/wp\/v2\/users\/2"}],"replies":[{"embeddable":true,"href":"https:\/\/www.europesays.com\/de\/wp-json\/wp\/v2\/comments?post=954591"}],"version-history":[{"count":0,"href":"https:\/\/www.europesays.com\/de\/wp-json\/wp\/v2\/posts\/954591\/revisions"}],"wp:featuredmedia":[{"embeddable":true,"href":"https:\/\/www.europesays.com\/de\/wp-json\/wp\/v2\/media\/954592"}],"wp:attachment":[{"href":"https:\/\/www.europesays.com\/de\/wp-json\/wp\/v2\/media?parent=954591"}],"wp:term":[{"taxonomy":"category","embeddable":true,"href":"https:\/\/www.europesays.com\/de\/wp-json\/wp\/v2\/categories?post=954591"},{"taxonomy":"post_tag","embeddable":true,"href":"https:\/\/www.europesays.com\/de\/wp-json\/wp\/v2\/tags?post=954591"}],"curies":[{"name":"wp","href":"https:\/\/api.w.org\/{rel}","templated":true}]}}