{"id":954681,"date":"2026-04-18T08:31:21","date_gmt":"2026-04-18T08:31:21","guid":{"rendered":"https:\/\/www.europesays.com\/de\/954681\/"},"modified":"2026-04-18T08:31:21","modified_gmt":"2026-04-18T08:31:21","slug":"wo-sich-in-berlin-und-brandenburg-die-zecken-verstecken","status":"publish","type":"post","link":"https:\/\/www.europesays.com\/de\/954681\/","title":{"rendered":"Wo sich in Berlin und Brandenburg die Zecken verstecken"},"content":{"rendered":"<p><b>Wann zum Arzt?<\/b><\/p>\n<p>&#8222;Wenn man die kreisf\u00f6rmige Wanderr\u00f6te sieht und wei\u00df, man ist von einer Zecke gestochen worden, sollte man sich auf jeden Fall untersuchen lassen&#8220;, sagt Markus T\u00f6lle.<\/p>\n<p>Wer nach einem Zeckenstich hohes Fieber, ungewohnt starke Kopfschmerken, Nackensteife, Lichtempfindlichkeit Schwindel, Benommenheit, L\u00e4hmungen oder Taubheitsgef\u00fchle festellt, sollte sofort zum Arzt gehen. Denn diese Symptome k\u00f6nnen auf FSME hinweisen.<\/p>\n<p>Treten binnen vier Wochen grippe\u00e4hnliche Symptome, Fieber, Lymphknotenschwellungen oder die sogenannte Wanderr\u00f6te auf, sollte sicherheitshalber ein Arzt aufgesucht werden. Denn sonst drohen Betroffenen von Borreliose noch nach vielen Jahren Sp\u00e4tfolgen wie L\u00e4hmungen, Nervenschmerzen oder Gelenkentz\u00fcndungen. &#8222;Borreliose kann Sp\u00e4tsch\u00e4den verursachen und zu einer Art chronischen Erkrankung f\u00fchren&#8220;, erkl\u00e4rt Chefarzt T\u00f6lle.<\/p>\n<p>Zu Todesf\u00e4llen kommt es eher selten &#8211; laut Statistischem Bundesamt starben 2024 bundesweit neun Menschen an FSME und 15 an Borreliose. Gegen FSME sch\u00fctzt eine Impfung. Gegen Borreliose gibt es keine.<\/p>\n","protected":false},"excerpt":{"rendered":"Wann zum Arzt? &#8222;Wenn man die kreisf\u00f6rmige Wanderr\u00f6te sieht und wei\u00df, man ist von einer Zecke gestochen worden,&hellip;\n","protected":false},"author":2,"featured_media":954682,"comment_status":"","ping_status":"","sticky":false,"template":"","format":"standard","meta":{"footnotes":"","_share_on_mastodon":"0"},"categories":[1816],"tags":[1960,1958,1959,1957,296,1956,1890,29,30,138901,138480,134296],"class_list":["post-954681","post","type-post","status-publish","format-standard","has-post-thumbnail","category-brandenburg","tag-aktuelle-nachrichten-aus-berlin-und-brandenburg","tag-aktuelle-nachrichten-aus-brandenburg","tag-aktuelle-news-aus-berlin-und-brandenburg","tag-aktuelle-news-aus-brandenburg","tag-berlin","tag-berlin-und-brandenburg","tag-brandenburg","tag-deutschland","tag-germany","tag-rbb24faq","tag-rbb24gesundheit","tag-rbb24tagesschau"],"share_on_mastodon":{"url":"https:\/\/pubeurope.com\/@de\/116424781820114317","error":""},"_links":{"self":[{"href":"https:\/\/www.europesays.com\/de\/wp-json\/wp\/v2\/posts\/954681","targetHints":{"allow":["GET"]}}],"collection":[{"href":"https:\/\/www.europesays.com\/de\/wp-json\/wp\/v2\/posts"}],"about":[{"href":"https:\/\/www.europesays.com\/de\/wp-json\/wp\/v2\/types\/post"}],"author":[{"embeddable":true,"href":"https:\/\/www.europesays.com\/de\/wp-json\/wp\/v2\/users\/2"}],"replies":[{"embeddable":true,"href":"https:\/\/www.europesays.com\/de\/wp-json\/wp\/v2\/comments?post=954681"}],"version-history":[{"count":0,"href":"https:\/\/www.europesays.com\/de\/wp-json\/wp\/v2\/posts\/954681\/revisions"}],"wp:featuredmedia":[{"embeddable":true,"href":"https:\/\/www.europesays.com\/de\/wp-json\/wp\/v2\/media\/954682"}],"wp:attachment":[{"href":"https:\/\/www.europesays.com\/de\/wp-json\/wp\/v2\/media?parent=954681"}],"wp:term":[{"taxonomy":"category","embeddable":true,"href":"https:\/\/www.europesays.com\/de\/wp-json\/wp\/v2\/categories?post=954681"},{"taxonomy":"post_tag","embeddable":true,"href":"https:\/\/www.europesays.com\/de\/wp-json\/wp\/v2\/tags?post=954681"}],"curies":[{"name":"wp","href":"https:\/\/api.w.org\/{rel}","templated":true}]}}