{"id":954773,"date":"2026-04-18T09:26:18","date_gmt":"2026-04-18T09:26:18","guid":{"rendered":"https:\/\/www.europesays.com\/de\/954773\/"},"modified":"2026-04-18T09:26:18","modified_gmt":"2026-04-18T09:26:18","slug":"mann-bei-streit-mit-messer-verletzt","status":"publish","type":"post","link":"https:\/\/www.europesays.com\/de\/954773\/","title":{"rendered":"Mann bei Streit mit Messer verletzt"},"content":{"rendered":"<p>M\u00f6gliche Beziehungstat <\/p>\n<p>Mann bei Streit mit Messer verletzt &#8211; T\u00e4ter auf der Flucht<\/p>\n<p>Aktualisiert am 18.04.2026 &#8211; 11:10 UhrLesedauer: 1 Min.<\/p>\n<p><a href=\"#focus-0\" class=\"transition-colors duration-200 block text-current relative\" data-sctrack=\"FocusGalleryImage.Reference\"><img fetchpriority=\"high\" data-testid=\"Opener.Image\" style=\"--lqipURL:url('https:\/\/images.t-online.de\/2026\/04\/6A7trynqCQet\/0x107:2048x1152\/fit-in\/150x0\/filters:blur(25)\/bei-einem-streit-in-bonn-wurde-ein-mann-mit-dem-messer-verletzt-symbolbild.jpg')\"   loading=\"eager\" src=\"https:\/\/www.europesays.com\/de\/wp-content\/uploads\/2026\/04\/bei-einem-streit-in-bonn-wurde-ein-mann-mit-dem-messer-verletzt-symbolbild.jpg\" alt=\"Polizei - Symbolbild\" title=\"Polizei - Symbolbild\" width=\"2048\" height=\"1152\" class=\"bg-[url:var(--lqipURL)] bg-cover bg-center flex h-full w-full max-w-full\" decoding=\"async\"\/><img style=\"--width:32;--height:32\" loading=\"lazy\" src=\"https:\/\/www.t-online.de\/s\/paper\/_next\/static\/media\/zoom-in.f7dae02f.svg\" alt=\"Vergr\u00f6\u00dfern des Bildes\" title=\"Vergr\u00f6\u00dfern des Bildes\" class=\"block h-[calc(var(--height)_\/_16_*_1rem)] w-[calc(var(--width)_\/_16_*_1rem)] max-w-none absolute bottom-8 right-8 rounded-4 bg-snow p-8\" decoding=\"async\"\/><\/a><\/p>\n<p>Bei einem Streit in Bonn wurde ein Mann mit dem Messer verletzt. (Symbolbild) (Quelle: Rolf Vennenbernd\/dpa\/dpa-bilder)<\/p>\n<p class=\"font-bold text-18 leading-17 user-text-lg:text-22 user-text-xl:text-24\">In der Wohnung einer 48-J\u00e4hrigen in Bonn eskaliert ein Streit zwischen zwei M\u00e4nnern. Ein 39-J\u00e4hriger verletzt dabei seinen Konkurrenten und fl\u00fcchtet. Die Polizei leistet Erste Hilfe.<\/p>\n<p class=\"text-18 leading-17 user-text-lg:text-22 user-text-xl:text-24\">Bei einem Streit in der Wohnung einer Frau in Alfter-Witterschlick bei Bonn ist ein 48-J\u00e4hriger von seinem 39 Jahre alten Kontrahenten in der Nacht mit einem Messer verletzt worden. Der 39 Jahre alte mutma\u00dfliche T\u00e4ter befindet sich seit dem Vorfall laut einer Polizeimitteilung auf der Flucht. Die Polizeibeamten versorgten die Schnittverletzungen am Bein des Opfers, das dann in einem Rettungswagen in ein Krankenhaus gebracht wurde.<\/p>\n<p class=\"text-18 leading-17 user-text-lg:text-22 user-text-xl:text-24\">Umfangreiche Fahndungsma\u00dfnahmen nach dem mutma\u00dflichen T\u00e4ter, bei denen auch ein Polizeihubschrauber eingesetzt wurde, blieben bisher ergebnislos. Die Polizei ermittelt nun wegen des Verdachts der gef\u00e4hrlichen K\u00f6rperverletzung. Die Umst\u00e4nde legen den Angaben zufolge eine Beziehungstat nahe. Alle Beteiligte waren zur Tatzeit zudem alkoholisiert, wie es hie\u00df.<\/p>\n","protected":false},"excerpt":{"rendered":"M\u00f6gliche Beziehungstat Mann bei Streit mit Messer verletzt &#8211; T\u00e4ter auf der Flucht Aktualisiert am 18.04.2026 &#8211; 11:10&hellip;\n","protected":false},"author":2,"featured_media":954774,"comment_status":"","ping_status":"","sticky":false,"template":"","format":"standard","meta":{"footnotes":"","_share_on_mastodon":"0"},"categories":[1842],"tags":[65296,1741,3364,29,4327,30,1981,1209,121,207825],"class_list":["post-954773","post","type-post","status-publish","format-standard","has-post-thumbnail","category-bonn","tag-alfter","tag-bonn","tag-de","tag-deutschland","tag-erste-hilfe","tag-germany","tag-messer","tag-nordrhein-westfalen","tag-polizei","tag-witterschlick"],"share_on_mastodon":{"url":"https:\/\/pubeurope.com\/@de\/116424998269862386","error":""},"_links":{"self":[{"href":"https:\/\/www.europesays.com\/de\/wp-json\/wp\/v2\/posts\/954773","targetHints":{"allow":["GET"]}}],"collection":[{"href":"https:\/\/www.europesays.com\/de\/wp-json\/wp\/v2\/posts"}],"about":[{"href":"https:\/\/www.europesays.com\/de\/wp-json\/wp\/v2\/types\/post"}],"author":[{"embeddable":true,"href":"https:\/\/www.europesays.com\/de\/wp-json\/wp\/v2\/users\/2"}],"replies":[{"embeddable":true,"href":"https:\/\/www.europesays.com\/de\/wp-json\/wp\/v2\/comments?post=954773"}],"version-history":[{"count":0,"href":"https:\/\/www.europesays.com\/de\/wp-json\/wp\/v2\/posts\/954773\/revisions"}],"wp:featuredmedia":[{"embeddable":true,"href":"https:\/\/www.europesays.com\/de\/wp-json\/wp\/v2\/media\/954774"}],"wp:attachment":[{"href":"https:\/\/www.europesays.com\/de\/wp-json\/wp\/v2\/media?parent=954773"}],"wp:term":[{"taxonomy":"category","embeddable":true,"href":"https:\/\/www.europesays.com\/de\/wp-json\/wp\/v2\/categories?post=954773"},{"taxonomy":"post_tag","embeddable":true,"href":"https:\/\/www.europesays.com\/de\/wp-json\/wp\/v2\/tags?post=954773"}],"curies":[{"name":"wp","href":"https:\/\/api.w.org\/{rel}","templated":true}]}}