{"id":954878,"date":"2026-04-18T10:21:21","date_gmt":"2026-04-18T10:21:21","guid":{"rendered":"https:\/\/www.europesays.com\/de\/954878\/"},"modified":"2026-04-18T10:21:21","modified_gmt":"2026-04-18T10:21:21","slug":"moenchengladbach-bauberatung-in-der-stadtbibliothek-am-22-april","status":"publish","type":"post","link":"https:\/\/www.europesays.com\/de\/954878\/","title":{"rendered":"M\u00f6nchengladbach: Bauberatung in der Stadtbibliothek am 22. April"},"content":{"rendered":"<p class=\"text_ohne_einzug richtext text-em-55 !leading-serif mx-6 desktop:mx-0\"> Am Mittwoch, 22. April, findet in der Stadtbibliothek von 17 bis 19 Uhr eine Bauberatung statt. Die Veranstaltung wird organisiert von <a href=\"https:\/\/rp-online.de\/nrw\/staedte\/moenchengladbach\/fortsetzung-der-bau-und-wohnberatung-in-moenchengladbach_aid-126816397\" rel=\"nofollow noopener\" target=\"_blank\">der Architektenschaft M\u00f6nchengladbach (asmg)<\/a>. Dabei werden M\u00f6nchengladbacher Architektinnen und Architekten Fragen von B\u00fcrgerinnen und B\u00fcrgern rund ums Thema Bauen beantworten. \u201eBeim Umgang mit Altbauten, n\u00f6tigen Sanierungen und baurechtlichen Fragen m\u00f6chte die asmg Sie bei Ihren Projekten durch die ehrenamtliche, unentgeltliche Bauberatung unterst\u00fctzen\u201c, hei\u00dft es.<\/p>\n<p class=\"richtext text-em-55 !leading-serif mx-6 desktop:mx-0\">Das Gladbach-Kabinett in der Stadtbibliothek, Hilde-Sherman-Zander-Stra\u00dfe 6, biete genug Raum, um mehrere Gespr\u00e4che gleichzeitig zwischen den anwesenden Fachleuten und Ratsuchenden f\u00fchren zu k\u00f6nnen. Eine Anmeldung ist nicht notwendig. Eine konkrete Bauplanung oder rechtsverbindliche Beratung kann bei diesem Ersttermin nicht stattfinden, so die Architektenschaft.<\/p>\n<p class=\"richtext text-em-55 !leading-serif mx-6 desktop:mx-0\">Die ehrenamtlich organisierte B\u00fcrgerberatung der asmg fand erstmals 2023 statt. Seit 2025 wird die Veranstaltung regelm\u00e4\u00dfig angeboten. Weitere Informationen und Kontakt unter info@architektenschaft-mg.de.<\/p>\n","protected":false},"excerpt":{"rendered":"Am Mittwoch, 22. April, findet in der Stadtbibliothek von 17 bis 19 Uhr eine Bauberatung statt. Die Veranstaltung&hellip;\n","protected":false},"author":2,"featured_media":954879,"comment_status":"","ping_status":"","sticky":false,"template":"","format":"standard","meta":{"footnotes":"","_share_on_mastodon":"0"},"categories":[1849],"tags":[2251,207832,207833,193501,15252,3364,29,548,663,3934,30,14337,13,4455,14,15,1209,12,4947,3699],"class_list":["post-954878","post","type-post","status-publish","format-standard","has-post-thumbnail","category-moenchengladbach","tag-architekten","tag-architektenschaft","tag-asmg","tag-bauberatung","tag-beratung","tag-de","tag-deutschland","tag-eu","tag-europa","tag-europe","tag-germany","tag-gladbach","tag-headlines","tag-moenchengladbach","tag-nachrichten","tag-news","tag-nordrhein-westfalen","tag-schlagzeilen","tag-stadtbibliothek","tag-veranstaltung"],"share_on_mastodon":{"url":"https:\/\/pubeurope.com\/@de\/116425214463406429","error":""},"_links":{"self":[{"href":"https:\/\/www.europesays.com\/de\/wp-json\/wp\/v2\/posts\/954878","targetHints":{"allow":["GET"]}}],"collection":[{"href":"https:\/\/www.europesays.com\/de\/wp-json\/wp\/v2\/posts"}],"about":[{"href":"https:\/\/www.europesays.com\/de\/wp-json\/wp\/v2\/types\/post"}],"author":[{"embeddable":true,"href":"https:\/\/www.europesays.com\/de\/wp-json\/wp\/v2\/users\/2"}],"replies":[{"embeddable":true,"href":"https:\/\/www.europesays.com\/de\/wp-json\/wp\/v2\/comments?post=954878"}],"version-history":[{"count":0,"href":"https:\/\/www.europesays.com\/de\/wp-json\/wp\/v2\/posts\/954878\/revisions"}],"wp:featuredmedia":[{"embeddable":true,"href":"https:\/\/www.europesays.com\/de\/wp-json\/wp\/v2\/media\/954879"}],"wp:attachment":[{"href":"https:\/\/www.europesays.com\/de\/wp-json\/wp\/v2\/media?parent=954878"}],"wp:term":[{"taxonomy":"category","embeddable":true,"href":"https:\/\/www.europesays.com\/de\/wp-json\/wp\/v2\/categories?post=954878"},{"taxonomy":"post_tag","embeddable":true,"href":"https:\/\/www.europesays.com\/de\/wp-json\/wp\/v2\/tags?post=954878"}],"curies":[{"name":"wp","href":"https:\/\/api.w.org\/{rel}","templated":true}]}}