{"id":954938,"date":"2026-04-18T10:56:36","date_gmt":"2026-04-18T10:56:36","guid":{"rendered":"https:\/\/www.europesays.com\/de\/954938\/"},"modified":"2026-04-18T10:56:36","modified_gmt":"2026-04-18T10:56:36","slug":"theodor-rosenhauer-ein-erinnerungsprojekt-in-trachau","status":"publish","type":"post","link":"https:\/\/www.europesays.com\/de\/954938\/","title":{"rendered":"Theodor Rosenhauer: Ein Erinnerungsprojekt in Trachau"},"content":{"rendered":"\n<p>In diesem Jahr stehen zwei Jubil\u00e4en im Zeichen des Dresdner Malers Theodor Rosenhauer. Am 8. Mai 2026 j\u00e4hrt sich sein 125. Geburtstag. Am 14. Juni 2026 erinnert sich Dresden an seinen 30. Todestag. Der Verein Hufewiesen Trachau e.V. nimmt beide Daten zum Anlass f\u00fcr ein Erinnerungsprojekt. Der Verein will Leben und Werk des K\u00fcnstlers in den Mittelpunkt r\u00fccken. <img fetchpriority=\"high\" decoding=\"async\" src=\"https:\/\/www.europesays.com\/de\/wp-content\/uploads\/2026\/04\/2026-04-17-Fotothek-Theodor_Rosenhauer.jpg\" alt=\"Theodor Rosenhauer malt \u201eBlick auf das Japanische Palais nach dem Angriff\u201c\" width=\"800\" height=\"530\" class=\"size-full wp-image-74628\"\/>Theodor Rosenhauer malt \u201eBlick auf das Japanische Palais nach dem Angriff\u201c \u2013 Foto: Richard Peter sen, Deutsche Fotothek\u200e, <a href=\"https:\/\/commons.wikimedia.org\/wiki\/File:Fotothek_df_ps_0000364_001_Theodor_Rosenhauer_arbeitet_zwischen_Tr%C3%BCmmern_an_sein.jpg\" target=\"_blank\" rel=\"noopener nofollow\">Fotothek df ps 0000364 001 <\/a>, <a href=\"https:\/\/creativecommons.org\/licenses\/by-sa\/3.0\/de\/legalcode\" target=\"_blank\" rel=\"license noopener nofollow\">CC BY-SA 3.0 DE<\/a> <\/p>\n<p>Ein pr\u00e4gender Maler des 20. Jahrhunderts <\/p>\n<p>Theodor Rosenhauer gilt als wichtiger Vertreter der Dresdner Kunst im 20. Jahrhundert. Er schuf Landschaften, Portr\u00e4ts und Stillleben. Bekannt sind vor allem seine Brot-Stillleben. <\/p>\n<p>Rosenhauer blieb seinem Stil \u00fcber Jahrzehnte treu. Er lebte rund 90 Jahre in derselben Wohnung in der Teichstra\u00dfe 5 in Trachau. Viele seiner Werke zeigen die Umgebung. Er portr\u00e4tierte auch Eltern, Lebensgef\u00e4hrtin, Kinder und K\u00fcnstlerfreunde. Seine Bilder dokumentieren zudem den alten Dorfanger in Alttrachau. Die d\u00f6rfliche Struktur ist dort bis heute erkennbar.<\/p>\n<p>Anzeige<\/p>\n<p><a class=\"gofollow\" data-track=\"MTI3LDcsNjA=\" href=\"https:\/\/www.aust-konzerte.com\/konzerte\/4080\/Nils-Wuelker-Quartett\" target=\"_blank\" rel=\"noopener nofollow\"><img loading=\"lazy\" decoding=\"async\" src=\"https:\/\/www.europesays.com\/de\/wp-content\/uploads\/2026\/04\/2026-01-05-Anzeige-Aust-Nils-Wuelker-Quartett.png\" alt=\"Nils W\u00fclker Quartett, Zuversicht, Live, Alter Schlachthof Dresden am 19. April\" width=\"300\" height=\"250\"\/><\/a><br \/> Ausstellungen und Ehrungen <\/p>\n<p>Das Albertinum widmete Rosenhauer 1968, 1988 und 1996 gro\u00dfe Retrospektiven. Das Museum bewahrt 14 Werke des Malers. Drei davon sind dauerhaft ausgestellt. <\/p>\n<p>1987 ernannte die Hochschule f\u00fcr Bildende K\u00fcnste Dresden Rosenhauer zum Ehrensenator. 1996 erhielt er die erste Ehrenmitgliedschaft der neu gegr\u00fcndeten S\u00e4chsischen Akademie der K\u00fcnste. <\/p>\n<p>Geplanter Rosenhauer-Parcours <\/p>\n<p>Zum Doppeljubil\u00e4um entwickelt der Hufewiesen Trachau e.V. einen Rosenhauer-Parcours. Der Verein arbeitet mit der Kunsthistorikerin Katrin Bielmeier und der Medienp\u00e4dagogin Anne Hilliger zusammen. Der Parcours soll Einblicke in Leben und Werk geben. Zugleich stellt er Trachau als Lebens- und Wirkungsort vor. Der Stadtbezirksrat Pieschen f\u00f6rdert das Projekt. <\/p>\n<p>Beim Trachenfest am 9. Mai 2026 in Alttrachau stehen zwei Rundg\u00e4nge auf dem Programm. Katrin Bielmeier f\u00fchrt zu ersten Stationen des geplanten Parcours im ehemaligen Dorfkern. Auf dem Fest informiert ein Stand \u00fcber das Projekt. <\/p>\n","protected":false},"excerpt":{"rendered":"In diesem Jahr stehen zwei Jubil\u00e4en im Zeichen des Dresdner Malers Theodor Rosenhauer. Am 8. Mai 2026 j\u00e4hrt&hellip;\n","protected":false},"author":2,"featured_media":954939,"comment_status":"","ping_status":"","sticky":false,"template":"","format":"standard","meta":{"footnotes":"","_share_on_mastodon":"0"},"categories":[1835],"tags":[3364,29,2386,30,207845,859,204484],"class_list":["post-954938","post","type-post","status-publish","format-standard","has-post-thumbnail","category-dresden","tag-de","tag-deutschland","tag-dresden","tag-germany","tag-rosenhauer","tag-sachsen","tag-trachau"],"share_on_mastodon":{"url":"https:\/\/pubeurope.com\/@de\/116425352153969265","error":""},"_links":{"self":[{"href":"https:\/\/www.europesays.com\/de\/wp-json\/wp\/v2\/posts\/954938","targetHints":{"allow":["GET"]}}],"collection":[{"href":"https:\/\/www.europesays.com\/de\/wp-json\/wp\/v2\/posts"}],"about":[{"href":"https:\/\/www.europesays.com\/de\/wp-json\/wp\/v2\/types\/post"}],"author":[{"embeddable":true,"href":"https:\/\/www.europesays.com\/de\/wp-json\/wp\/v2\/users\/2"}],"replies":[{"embeddable":true,"href":"https:\/\/www.europesays.com\/de\/wp-json\/wp\/v2\/comments?post=954938"}],"version-history":[{"count":0,"href":"https:\/\/www.europesays.com\/de\/wp-json\/wp\/v2\/posts\/954938\/revisions"}],"wp:featuredmedia":[{"embeddable":true,"href":"https:\/\/www.europesays.com\/de\/wp-json\/wp\/v2\/media\/954939"}],"wp:attachment":[{"href":"https:\/\/www.europesays.com\/de\/wp-json\/wp\/v2\/media?parent=954938"}],"wp:term":[{"taxonomy":"category","embeddable":true,"href":"https:\/\/www.europesays.com\/de\/wp-json\/wp\/v2\/categories?post=954938"},{"taxonomy":"post_tag","embeddable":true,"href":"https:\/\/www.europesays.com\/de\/wp-json\/wp\/v2\/tags?post=954938"}],"curies":[{"name":"wp","href":"https:\/\/api.w.org\/{rel}","templated":true}]}}