{"id":955032,"date":"2026-04-18T11:50:26","date_gmt":"2026-04-18T11:50:26","guid":{"rendered":"https:\/\/www.europesays.com\/de\/955032\/"},"modified":"2026-04-18T11:50:26","modified_gmt":"2026-04-18T11:50:26","slug":"adler-erreichen-das-finale-mannheim-in-partylaune-eishockey","status":"publish","type":"post","link":"https:\/\/www.europesays.com\/de\/955032\/","title":{"rendered":"Adler erreichen das Finale \u2013 Mannheim in Partylaune &#8211; Eishockey"},"content":{"rendered":"<p class=\"rhp-dpa-teaser\"><b>Die Adler  stehen endlich mal wieder um Finale um die deutsche Meisterschaft. So ausgelassen wie am Freitag wurde  in der SAP-Arena lange nicht mehr gefeiert.<\/b><\/p>\n<p> Alle standen nach dem Spiel, niemand ging nach Hause, mit der Mannschaft wurde getanzt und es gab \u201eOh wie ist das sch\u00f6n!\u201c- und \u201eFinale, oho!\u201c-Ges\u00e4nge zu h\u00f6ren. <\/p>\n<p>Womit auch schon der Grund f\u00fcr die Partylaune der Adlerfans erkl\u00e4rt w\u00e4re. Schlie\u00dflich steht ihr Team nach<\/p>\n<p class=\"rhp-teaser\"><b>Die Adler  stehen endlich mal wieder um Finale um die deutsche Meisterschaft. So ausgelassen wie am Freitag wurde  in der SAP-Arena lange nicht mehr gefeiert.<\/b><\/p>\n","protected":false},"excerpt":{"rendered":"Die Adler stehen endlich mal wieder um Finale um die deutsche Meisterschaft. So ausgelassen wie am Freitag wurde&hellip;\n","protected":false},"author":2,"featured_media":955033,"comment_status":"","ping_status":"","sticky":false,"template":"","format":"standard","meta":{"footnotes":"","_share_on_mastodon":"0"},"categories":[1845],"tags":[2099,138997,1634,41890,207857,3364,29,53326,2098,2100,548,663,3934,30,13,8931,2096,2095,14,15,207856,12089,12,265],"class_list":["post-955032","post","type-post","status-publish","format-standard","has-post-thumbnail","category-mannheim","tag-adler-mannheim","tag-alex-ehl","tag-baden-wuerttemberg","tag-dallas-eakins","tag-daniel-hopp","tag-de","tag-deutschland","tag-ehc-muenchen","tag-eisbaeren-berlin","tag-eishockey","tag-eu","tag-europa","tag-europe","tag-germany","tag-headlines","tag-koelner-haie","tag-mannheim","tag-marc-michaelis","tag-nachrichten","tag-news","tag-partylaune","tag-sap-arena","tag-schlagzeilen","tag-sport"],"share_on_mastodon":{"url":"https:\/\/pubeurope.com\/@de\/116425564339608465","error":""},"_links":{"self":[{"href":"https:\/\/www.europesays.com\/de\/wp-json\/wp\/v2\/posts\/955032","targetHints":{"allow":["GET"]}}],"collection":[{"href":"https:\/\/www.europesays.com\/de\/wp-json\/wp\/v2\/posts"}],"about":[{"href":"https:\/\/www.europesays.com\/de\/wp-json\/wp\/v2\/types\/post"}],"author":[{"embeddable":true,"href":"https:\/\/www.europesays.com\/de\/wp-json\/wp\/v2\/users\/2"}],"replies":[{"embeddable":true,"href":"https:\/\/www.europesays.com\/de\/wp-json\/wp\/v2\/comments?post=955032"}],"version-history":[{"count":0,"href":"https:\/\/www.europesays.com\/de\/wp-json\/wp\/v2\/posts\/955032\/revisions"}],"wp:featuredmedia":[{"embeddable":true,"href":"https:\/\/www.europesays.com\/de\/wp-json\/wp\/v2\/media\/955033"}],"wp:attachment":[{"href":"https:\/\/www.europesays.com\/de\/wp-json\/wp\/v2\/media?parent=955032"}],"wp:term":[{"taxonomy":"category","embeddable":true,"href":"https:\/\/www.europesays.com\/de\/wp-json\/wp\/v2\/categories?post=955032"},{"taxonomy":"post_tag","embeddable":true,"href":"https:\/\/www.europesays.com\/de\/wp-json\/wp\/v2\/tags?post=955032"}],"curies":[{"name":"wp","href":"https:\/\/api.w.org\/{rel}","templated":true}]}}