{"id":955246,"date":"2026-04-18T13:57:16","date_gmt":"2026-04-18T13:57:16","guid":{"rendered":"https:\/\/www.europesays.com\/de\/955246\/"},"modified":"2026-04-18T13:57:16","modified_gmt":"2026-04-18T13:57:16","slug":"auf-leisen-pfoten-kommt-sie-daher-wildkatze-zur-33-leipziger-auwaldart-gekuert-%c2%b7-leipziger-zeitung","status":"publish","type":"post","link":"https:\/\/www.europesays.com\/de\/955246\/","title":{"rendered":"Auf leisen Pfoten kommt sie daher: Wildkatze zur 33. Leipziger Auwaldart gek\u00fcrt \u00b7 Leipziger Zeitung"},"content":{"rendered":"<p>Im Jahr 2012 gab es bereits die ersten Hinweise, doch erst seit 2015 ist es amtlich: die Wildkatze (Felis silvestris) ist offiziell zur Auwaldbewohnerin geworden. Anl\u00e4sslich des 32. Auwaldtages hat das Tier au\u00dferdem den Titel \u201eLeipziger Auwaldart\u201c erhalten. \u201eSie lebt versteckt und ist dem Menschen gegen\u00fcber extrem scheu. Zugewandert ist sie wahrscheinlich aus dem Harzer Vorland in Sachsen-Anhalt\u201c so die Wildkatzenexpertin Almut Gaisbauer vom BUND Sachsen. Sie stellte die besondere Art zum Leipziger Auwaldtag dem Publikum in der Auwaldstation Leipzig vor, nachdem der Umweltamtsleiter Peter Wasem zuvor das R\u00e4tsel um die 33. Leipziger Auwaldart l\u00fcftete.<\/p>\n<p>J\u00e4hrlich am 16. April wird zum Leipziger Auwaldtag eine Pilz-, Tier- oder Pflanzenart gek\u00fcrt und der \u00d6ffentlichkeit n\u00e4her vorgestellt. Das Team der Auwaldstation freut sich dabei besonders \u00fcber die Tatsache im Wildkatzenrevier zu liegen. Auf der Exkursion durch die angrenzende Burgaue erhielten die kleinen sowie gro\u00dfen Besucherinnen und Besucher spannende Einblicke in das Leben der Wildkatze, auch wenn sie das Tier w\u00e4hrend der Tour nicht zu Gesicht bekamen. \u201e<\/p>\n<p>Die Wahrscheinlichkeit einer Wildkatze zu begegnen gleicht einem 6er im Lotto\u201c, sch\u00e4tzt Almut Gaisbauer ein. \u201eDabei ist die Wildkatze eine europ\u00e4ische Ureinwohnerin. In Sachsen war sie allerdings seit \u00fcber 100 Jahren ausgestorben. Umso beeindruckender, dass sie es nun wieder in unsere heimischen Laubmischw\u00e4lder geschafft hat. Dennoch, die Wildkatze ist nach wie vor akut vom Aussterben bedroht und auch im Auwald sto\u00dfen die Tiere schnell an ihre Grenzen\u201c, erg\u00e4nzt die Expertin.<\/p>\n<p>Wer den Leipziger Auwaldtag verpasst hat und mehr \u00fcber die Wildkatze erfahren m\u00f6chte, hat noch \u00f6fter Gelegenheit dazu: Ab dem 17. April startet die Wildkatzenausstellung des BUND Sachsen \u201eR\u00fcckkehr auf leisen Pfoten\u201c im Leipziger Wildpark. Am 7. Mai wird es anl\u00e4sslich der Ausstellung einen Vortragsabend im Wildpark geben. <\/p>\n<p>Im Rahmen der Leipziger Naturschutzwoche wird die Wildkatze am 19. Mai zum Leipziger Umweltstammtisch ebenfalls vorgestellt und am 21. Mai gibt es bei \u201eFr\u00e4ulein Brehms Tierleben\u201c artgerechte Unterhaltung in der Stadtbibliothek. Beides sind Veranstaltungen im Rahmen der Leipziger Naturschutzwoche. Anmeldungen richten Sie bitte an das Umweltinformationszentrum (UiZ). Weitere Informationen zur Wildkatze findet man unter <a href=\"http:\/\/www.bund-sachsen.de\/wildkatze\" target=\"_blank\" rel=\"noreferrer noopener nofollow\">www.bund-sachsen.de\/wildkatze<\/a>.<\/p>\n<p>Weitere Informationen zu allen Auwaldarten und zur Geschichte des Leipziger Auwaldtages gibt es auf <a href=\"https:\/\/www.leipzig.de\/auwaldtag\" target=\"_blank\" rel=\"noreferrer noopener nofollow\">www.leipzig.de\/auwaldtag<\/a> oder im Umweltinformationszentrum (UiZ). Der Infoflyer, das Plakat sowie die beliebten Motivbeutel sind au\u00dferdem ab sofort im UiZ erh\u00e4ltlich.<\/p>\n<p>F\u00fcr Interessierte der Leipziger Naturschutzwoche: diese findet vom 18. bis 24. Mai zum Thema \u201eNatur bewahren, Zukunft gestalten!\u201c statt. Das Programm erscheint in K\u00fcrze auf <a href=\"http:\/\/www.leipzig.de\/naturschutzwoche\" target=\"_blank\" rel=\"noreferrer noopener nofollow\">www.leipzig.de\/naturschutzwoche<\/a> und in der \u00f6ffentlichen Auslage in Bars, Caf\u00e9s, Freizeit-, Sport- und Kultureinrichtungen.<\/p>\n","protected":false},"excerpt":{"rendered":"Im Jahr 2012 gab es bereits die ersten Hinweise, doch erst seit 2015 ist es amtlich: die Wildkatze&hellip;\n","protected":false},"author":2,"featured_media":191285,"comment_status":"","ping_status":"","sticky":false,"template":"","format":"standard","meta":{"footnotes":"","_share_on_mastodon":"0"},"categories":[1832],"tags":[3364,29,30,71,859,51491],"class_list":["post-955246","post","type-post","status-publish","format-standard","has-post-thumbnail","category-leipzig","tag-de","tag-deutschland","tag-germany","tag-leipzig","tag-sachsen","tag-wildkatze"],"share_on_mastodon":{"url":"https:\/\/pubeurope.com\/@de\/116426063686802525","error":""},"_links":{"self":[{"href":"https:\/\/www.europesays.com\/de\/wp-json\/wp\/v2\/posts\/955246","targetHints":{"allow":["GET"]}}],"collection":[{"href":"https:\/\/www.europesays.com\/de\/wp-json\/wp\/v2\/posts"}],"about":[{"href":"https:\/\/www.europesays.com\/de\/wp-json\/wp\/v2\/types\/post"}],"author":[{"embeddable":true,"href":"https:\/\/www.europesays.com\/de\/wp-json\/wp\/v2\/users\/2"}],"replies":[{"embeddable":true,"href":"https:\/\/www.europesays.com\/de\/wp-json\/wp\/v2\/comments?post=955246"}],"version-history":[{"count":0,"href":"https:\/\/www.europesays.com\/de\/wp-json\/wp\/v2\/posts\/955246\/revisions"}],"wp:featuredmedia":[{"embeddable":true,"href":"https:\/\/www.europesays.com\/de\/wp-json\/wp\/v2\/media\/191285"}],"wp:attachment":[{"href":"https:\/\/www.europesays.com\/de\/wp-json\/wp\/v2\/media?parent=955246"}],"wp:term":[{"taxonomy":"category","embeddable":true,"href":"https:\/\/www.europesays.com\/de\/wp-json\/wp\/v2\/categories?post=955246"},{"taxonomy":"post_tag","embeddable":true,"href":"https:\/\/www.europesays.com\/de\/wp-json\/wp\/v2\/tags?post=955246"}],"curies":[{"name":"wp","href":"https:\/\/api.w.org\/{rel}","templated":true}]}}