{"id":955301,"date":"2026-04-18T14:30:21","date_gmt":"2026-04-18T14:30:21","guid":{"rendered":"https:\/\/www.europesays.com\/de\/955301\/"},"modified":"2026-04-18T14:30:21","modified_gmt":"2026-04-18T14:30:21","slug":"qvc-ist-insolvent-teleshopping-pionier-plant-neuausrichtung","status":"publish","type":"post","link":"https:\/\/www.europesays.com\/de\/955301\/","title":{"rendered":"QVC ist insolvent: Teleshopping-Pionier plant Neuausrichtung"},"content":{"rendered":"<p>&#8222;Grundstein f\u00fcr Neuanfang&#8220; <\/p>\n<p>Teleshopping-Pionier QVC ist insolvent<\/p>\n<p>18.04.2026 &#8211; 14:06 UhrLesedauer: 2 Min.<\/p>\n<p><a href=\"#focus-0\" class=\"transition-colors duration-200 block text-current relative\" data-sctrack=\"FocusGalleryImage.Reference\"><img fetchpriority=\"high\" data-testid=\"Opener.Image\" style=\"--lqipURL:url('https:\/\/images.t-online.de\/2026\/04\/5Wwo7nurDnba\/0x369:3543x1993\/fit-in\/150x0\/filters:blur(25)\/die-ehemalige-qvc-immobilie-in-bochum-der-teleshopping-sender-hat-in-den-usa-insolvenz-angemeldet.jpg')\"   loading=\"eager\" src=\"https:\/\/www.europesays.com\/de\/wp-content\/uploads\/2026\/04\/die-ehemalige-qvc-immobilie-in-bochum-der-teleshopping-sender-hat-in-den-usa-insolvenz-angemeldet.jp.jpeg\" alt=\"Die ehemalige QVC-Immobilie in Bochum: Der Teleshopping-Sender hat in den USA Insolvenz angemeldet.\" title=\"Die ehemalige QVC-Immobilie in Bochum: Der Teleshopping-Sender hat in den USA Insolvenz angemeldet.\" width=\"3543\" height=\"1993\" class=\"bg-[url:var(--lqipURL)] bg-cover bg-center flex h-full w-full max-w-full\" decoding=\"async\"\/><img style=\"--width:32;--height:32\" loading=\"lazy\" src=\"https:\/\/www.t-online.de\/s\/paper\/_next\/static\/media\/zoom-in.f7dae02f.svg\" alt=\"Vergr\u00f6\u00dfern des Bildes\" title=\"Vergr\u00f6\u00dfern des Bildes\" class=\"block h-[calc(var(--height)_\/_16_*_1rem)] w-[calc(var(--width)_\/_16_*_1rem)] max-w-none absolute bottom-8 right-8 rounded-4 bg-snow p-8\" decoding=\"async\"\/><\/a><\/p>\n<p>Die ehemalige QVC-Immobilie in Bochum: Der Teleshopping-Sender hat in den USA Insolvenz angemeldet. (Quelle: J\u00fcrgen Theobald)<\/p>\n<p class=\"font-bold text-18 leading-17 user-text-lg:text-22 user-text-xl:text-24\">Der US-Sender QVC ist einer der Pioniere auf dem Teleshopping-Markt. Nun muss das Unternehmen massiv Schulden abbauen.<\/p>\n<p class=\"text-18 leading-17 user-text-lg:text-22 user-text-xl:text-24\">Die Krise der Teleshopping-Branche erreicht einen weiteren prominenten Anbieter: Die QVC Group hat in den <a class=\"transition-colors duration-200 cursor-pointer text-inherit no-underline text-salemsfur md:hover:text-magenta md:hover:border-magenta md:focus:text-magenta border-current border-b border-solid break-words\" data-tracking=\"{&quot;action&quot;:&quot;click&quot;,&quot;category&quot;:&quot;intextLink&quot;,&quot;label&quot;:&quot;\/themen\/usa\/&quot;}\" href=\"https:\/\/www.t-online.de\/themen\/usa\/\" data-sctrack=\"BodyAnchor\" rel=\"nofollow noopener\" target=\"_blank\">USA<\/a> ein Insolvenzverfahren beantragt. Ziel ist es, die Schulden des Unternehmens deutlich zu reduzieren und die finanzielle Grundlage neu zu ordnen.<\/p>\n<p class=\"text-18 leading-17 user-text-lg:text-22 user-text-xl:text-24\">Nach Angaben des Unternehmens sollen die Verbindlichkeiten von derzeit rund 6,6 Milliarden <a class=\"transition-colors duration-200 cursor-pointer text-inherit no-underline text-salemsfur md:hover:text-magenta md:hover:border-magenta md:focus:text-magenta border-current border-b border-solid break-words\" data-tracking=\"{&quot;action&quot;:&quot;click&quot;,&quot;category&quot;:&quot;intextLink&quot;,&quot;label&quot;:&quot;\/finanzen\/boerse\/waehrung\/eur-usd\/eu0009652759\/&quot;}\" href=\"https:\/\/www.t-online.de\/finanzen\/boerse\/waehrung\/eur-usd\/eu0009652759\/\" data-sctrack=\"BodyAnchor\" rel=\"nofollow noopener\" target=\"_blank\">US-Dollar<\/a> auf etwa 1,3 Milliarden Dollar sinken. Die QVC Group geh\u00f6rt zu den Pionieren des Teleshoppings und betreibt neben QVC auch den Sender Home Shopping Network (HSN).<\/p>\n<p>Im Video | Insolvenz: Wann es passiert und was das bedeutet<\/p>\n<p><img style=\"--width:32;--height:32\" loading=\"lazy\" src=\"https:\/\/www.t-online.de\/s\/paper\/_next\/static\/media\/loading-indicator-magenta.1f35d8de.svg\" alt=\"Video l\u00e4dt\" title=\"Video l\u00e4dt\" class=\"block h-[calc(var(--height)_\/_16_*_1rem)] w-[calc(var(--width)_\/_16_*_1rem)] max-w-none undefined\" decoding=\"async\"\/>Player wird geladenQuelle: t-online<\/p>\n<p class=\"text-18 leading-17 user-text-lg:text-22 user-text-xl:text-24\">Beide Marken stehen seit Jahren unter Druck. Hintergrund ist vor allem der Wandel im Konsumverhalten: Klassisches lineares Fernsehen verliert an Bedeutung, w\u00e4hrend Onlinehandel und digitale Plattformen an Einfluss gewinnen. Viele Anbieter der Branche haben Schwierigkeiten, ihre Gesch\u00e4ftsmodelle entsprechend anzupassen.<\/p>\n<p class=\"text-18 leading-17 user-text-lg:text-22 user-text-xl:text-24\">Nach Unternehmensangaben sind internationale Tochtergesellschaften nicht Teil des Insolvenzverfahrens. Ausgenommen sei lediglich eine nicht operative Einheit in <a class=\"transition-colors duration-200 cursor-pointer text-inherit no-underline text-salemsfur md:hover:text-magenta md:hover:border-magenta md:focus:text-magenta border-current border-b border-solid break-words\" data-tracking=\"{&quot;action&quot;:&quot;click&quot;,&quot;category&quot;:&quot;intextLink&quot;,&quot;label&quot;:&quot;\/themen\/luxemburg\/&quot;}\" href=\"https:\/\/www.t-online.de\/themen\/luxemburg\/\" data-sctrack=\"BodyAnchor\" rel=\"nofollow noopener\" target=\"_blank\">Luxemburg<\/a>. Der Gesch\u00e4ftsbetrieb au\u00dferhalb der USA \u2013 etwa in Deutschland, <a class=\"transition-colors duration-200 cursor-pointer text-inherit no-underline text-salemsfur md:hover:text-magenta md:hover:border-magenta md:focus:text-magenta border-current border-b border-solid break-words\" data-tracking=\"{&quot;action&quot;:&quot;click&quot;,&quot;category&quot;:&quot;intextLink&quot;,&quot;label&quot;:&quot;\/themen\/grossbritannien\/&quot;}\" href=\"https:\/\/www.t-online.de\/themen\/grossbritannien\/\" data-sctrack=\"BodyAnchor\" rel=\"nofollow noopener\" target=\"_blank\">Gro\u00dfbritannien<\/a>, Japan und <a class=\"transition-colors duration-200 cursor-pointer text-inherit no-underline text-salemsfur md:hover:text-magenta md:hover:border-magenta md:focus:text-magenta border-current border-b border-solid break-words\" data-tracking=\"{&quot;action&quot;:&quot;click&quot;,&quot;category&quot;:&quot;intextLink&quot;,&quot;label&quot;:&quot;\/themen\/italien\/&quot;}\" href=\"https:\/\/www.t-online.de\/themen\/italien\/\" data-sctrack=\"BodyAnchor\" rel=\"nofollow noopener\" target=\"_blank\">Italien<\/a> \u2013 laufe unver\u00e4ndert weiter. Auch Zahlungen an Lieferanten w\u00fcrden wie gewohnt erfolgen.<\/p>\n<p class=\"text-18 leading-17 user-text-lg:text-22 user-text-xl:text-24\">F\u00fcr den US-Markt betont das Unternehmen ebenfalls die Stabilit\u00e4t des laufenden Gesch\u00e4fts. Man verf\u00fcge \u00fcber ausreichend Liquidit\u00e4t, um den Betrieb aufrechtzuerhalten und Verpflichtungen gegen\u00fcber Gl\u00e4ubigern zu erf\u00fcllen. Besch\u00e4ftigte sollen weiterhin bezahlt werden, K\u00fcndigungen sind nach Angaben des Unternehmens nicht geplant.<\/p>\n<p class=\"text-18 leading-17 user-text-lg:text-22 user-text-xl:text-24\">Die Unternehmensf\u00fchrung sieht das Verfahren als Teil einer Neuausrichtung. Vorstandschef David Rawlinson erkl\u00e4rte, die QVC Group wolle ihre Position im Bereich des sogenannten Live-Social-Shoppings ausbauen. Dazu z\u00e4hlen unter anderem Verkaufsformate \u00fcber Streamingdienste und soziale Netzwerke wie TikTok.<\/p>\n<p class=\"text-18 leading-17 user-text-lg:text-22 user-text-xl:text-24\">QVC wurde 1986 gegr\u00fcndet und trat zun\u00e4chst in Konkurrenz zum bereits etablierten Home Shopping Network. 2017 wurden beide Unternehmen zusammengef\u00fchrt. Zu diesem Zeitpunkt standen die klassischen Teleshopping-Modelle bereits zunehmend unter wirtschaftlichem Druck.<\/p>\n","protected":false},"excerpt":{"rendered":"&#8222;Grundstein f\u00fcr Neuanfang&#8220; Teleshopping-Pionier QVC ist insolvent 18.04.2026 &#8211; 14:06 UhrLesedauer: 2 Min. Die ehemalige QVC-Immobilie in Bochum:&hellip;\n","protected":false},"author":2,"featured_media":955302,"comment_status":"","ping_status":"","sticky":false,"template":"","format":"standard","meta":{"footnotes":"","_share_on_mastodon":"0"},"categories":[134],"tags":[326,7507,175,170,169,29,30,37267,1551,669,171,174,15292,130489,173,172,64],"class_list":["post-955301","post","type-post","status-publish","format-standard","has-post-thumbnail","category-unternehmen-maerkte","tag-326","tag-bochum","tag-business","tag-companies","tag-companies-markets","tag-deutschland","tag-germany","tag-grundstein","tag-insolvenz","tag-krise","tag-markets","tag-maerkte","tag-neuanfang","tag-qvc","tag-unternehmen","tag-unternehmen-maerkte","tag-usa"],"share_on_mastodon":{"url":"https:\/\/pubeurope.com\/@de\/116426193902485461","error":""},"_links":{"self":[{"href":"https:\/\/www.europesays.com\/de\/wp-json\/wp\/v2\/posts\/955301","targetHints":{"allow":["GET"]}}],"collection":[{"href":"https:\/\/www.europesays.com\/de\/wp-json\/wp\/v2\/posts"}],"about":[{"href":"https:\/\/www.europesays.com\/de\/wp-json\/wp\/v2\/types\/post"}],"author":[{"embeddable":true,"href":"https:\/\/www.europesays.com\/de\/wp-json\/wp\/v2\/users\/2"}],"replies":[{"embeddable":true,"href":"https:\/\/www.europesays.com\/de\/wp-json\/wp\/v2\/comments?post=955301"}],"version-history":[{"count":0,"href":"https:\/\/www.europesays.com\/de\/wp-json\/wp\/v2\/posts\/955301\/revisions"}],"wp:featuredmedia":[{"embeddable":true,"href":"https:\/\/www.europesays.com\/de\/wp-json\/wp\/v2\/media\/955302"}],"wp:attachment":[{"href":"https:\/\/www.europesays.com\/de\/wp-json\/wp\/v2\/media?parent=955301"}],"wp:term":[{"taxonomy":"category","embeddable":true,"href":"https:\/\/www.europesays.com\/de\/wp-json\/wp\/v2\/categories?post=955301"},{"taxonomy":"post_tag","embeddable":true,"href":"https:\/\/www.europesays.com\/de\/wp-json\/wp\/v2\/tags?post=955301"}],"curies":[{"name":"wp","href":"https:\/\/api.w.org\/{rel}","templated":true}]}}