{"id":955649,"date":"2026-04-18T18:02:30","date_gmt":"2026-04-18T18:02:30","guid":{"rendered":"https:\/\/www.europesays.com\/de\/955649\/"},"modified":"2026-04-18T18:02:30","modified_gmt":"2026-04-18T18:02:30","slug":"verlag-grasset-ein-superreicher-gegen-die-franzoesische-kulturelite","status":"publish","type":"post","link":"https:\/\/www.europesays.com\/de\/955649\/","title":{"rendered":"Verlag Grasset: Ein Superreicher gegen die franz\u00f6sische Kulturelite"},"content":{"rendered":"<p>\n                        Der Milliard\u00e4r Vincent Bollor\u00e9 dreht Frankreichs Literaturbranche auf rechts. Nun verlassen bis zu 200 Autoren dessen Verlag Grasset. Das hier ist ein echter Kulturkampf.\n                    <\/p>\n<p>        18. April 2026, 16:49 Uhr\n    <\/p>\n<p>                11 Min.<\/p>\n<p>        <a class=\"z-text-button\" href=\"#comments\" title=\"Kommentare anzeigen\" data-ct-row=\"comments\" data-ct-column=\"false\"><\/p>\n<p>            40 Kommentare<br \/>\n        <\/a><br \/>\n    Zusammenfassen<\/p>\n<p>                Schlie\u00dfen<br \/>\n                Artikelzusammenfassung<\/p>\n<p>Vincent Bollor\u00e9, der m\u00e4chtige Medientycoon, sorgt in Frankreich f\u00fcr Aufregung: \u00dcber 100 Autoren verlassen aus Protest den renommierten Verlag Grasset, nachdem der langj\u00e4hrige Verleger gefeuert wurde. Bollor\u00e9, bekannt f\u00fcr seine rechtskonservativen Verbindungen, will offenbar politischen Einfluss auf den Verlag nehmen. Selbst Pr\u00e4sident Macron \u00e4u\u00dfert sich besorgt \u00fcber die Vielfalt der Verlagslandschaft. Die Autoren wehren sich gegen die drohende ideologische Vereinnahmung und k\u00e4mpfen f\u00fcr die kulturelle Diversit\u00e4t in der Literaturszene.<\/p>\n<p>                Diese Zusammenfassung wurde mithilfe von K\u00fcnstlicher Intelligenz erstellt. Vereinzelt kann es dabei zu Fehlern kommen.<\/p>\n<p class=\"summy__feedback-paragraph\">Fanden Sie die Zusammenfassung hilfreich? <\/p>\n<p>                        Gef\u00e4llt mir<\/p>\n<p>                        Gef\u00e4llt mir<\/p>\n<p>                        Gef\u00e4llt mir nicht<\/p>\n<p>                        Gef\u00e4llt mir nicht<\/p>\n<p>                        Send<\/p>\n<p>            <img decoding=\"async\" class=\"article__media-item\" src=\"https:\/\/www.europesays.com\/de\/wp-content\/uploads\/2026\/04\/1776535350_919_wide__1000x562.jpeg\" alt=\"Verlag Grasset: Ein Unternehmer trumpschen Typus: Vincent Bollor\u00e9, fotografiert im M\u00e4rz 2026\"\/><\/p>\n<p>                    Ein Unternehmer trumpschen Typus: Vincent Bollor\u00e9, fotografiert im M\u00e4rz 2026<br \/>\n            \u00a9\u00a0Denis Allard\/\u200bLeextra via opale\/\u200blaif<\/p>\n<p class=\"paragraph\">Gallimard wollte ihn nicht. <a href=\"https:\/\/www.zeit.de\/2021\/28\/marcel-proust-150-geburtstag-barbara-vinken-jochen-schmidt\" target=\"_blank\" rel=\"nofollow noopener\">Marcel Proust<\/a> hatte<br \/>\ndas Manuskript zu Du<br \/>\nc\u00f4t\u00e9 de chez Swann 1912 bei dem gerade<br \/>\ngegr\u00fcndeten <a class=\"rtr-entity\" href=\"https:\/\/www.zeit.de\/thema\/verlag\" rel=\"nofollow noopener\" target=\"_blank\">Verlagshaus<\/a>, dessen Lektor damals Andr\u00e9 Gide war, eingereicht. Gide<br \/>\nhat sp\u00e4ter die Zur\u00fcckweisung als Fehler seines Lebens bezeichnet. Aber: Dort, wo<br \/>\neiner einen Fehler macht, profitiert oft ein anderer.\n<\/p>\n<p class=\"paragraph\">Am 13. November 1913 erschien In Swanns Welt beim damals<br \/>\nkleinen Pariser Grasset-Verlag. Proust musste zwar Druckkosten vorschie\u00dfen.<br \/>\nAber es war der Beginn einer bis heute anhaltenden Liaison zwischen kulturellem<br \/>\nFreigeist und Kulturfeudalismus, eines sonnenk\u00f6niglich exzentrischen Herrschergestus, der sich nur in <a class=\"rtr-entity\" href=\"https:\/\/www.zeit.de\/thema\/frankreich\" rel=\"nofollow noopener\" target=\"_blank\">Frankreich<\/a> so entfalten konnte. Gallimard holte sich schon bei Band zwei der \u00bb<a href=\"https:\/\/www.zeit.de\/1979\/30\/auf-der-suche-nach-der-verlorenen-zeit\" target=\"_blank\" rel=\"nofollow noopener\">Recherche<\/a>\u00ab seinen Proust. Seitdem ist Proust praktisch Frankreich und Frankreich Proust. Damit<br \/>\nsind auch Gallimard und Grasset Frankreich.<\/p>\n","protected":false},"excerpt":{"rendered":"Der Milliard\u00e4r Vincent Bollor\u00e9 dreht Frankreichs Literaturbranche auf rechts. Nun verlassen bis zu 200 Autoren dessen Verlag Grasset.&hellip;\n","protected":false},"author":2,"featured_media":955650,"comment_status":"","ping_status":"","sticky":false,"template":"","format":"standard","meta":{"footnotes":"","_share_on_mastodon":"0"},"categories":[3974],"tags":[331,332,207938,3100,548,663,3934,13217,3980,156,13,96679,14,15,319,12,2158,207937],"class_list":["post-955649","post","type-post","status-publish","format-standard","has-post-thumbnail","category-frankreich","tag-aktuelle-nachrichten","tag-aktuelle-news","tag-andre-gide","tag-autor","tag-eu","tag-europa","tag-europe","tag-feuilleton","tag-france","tag-frankreich","tag-headlines","tag-marcel-proust","tag-nachrichten","tag-news","tag-paris","tag-schlagzeilen","tag-verlag","tag-verlag-grasset"],"share_on_mastodon":{"url":"https:\/\/pubeurope.com\/@de\/116427027275795383","error":""},"_links":{"self":[{"href":"https:\/\/www.europesays.com\/de\/wp-json\/wp\/v2\/posts\/955649","targetHints":{"allow":["GET"]}}],"collection":[{"href":"https:\/\/www.europesays.com\/de\/wp-json\/wp\/v2\/posts"}],"about":[{"href":"https:\/\/www.europesays.com\/de\/wp-json\/wp\/v2\/types\/post"}],"author":[{"embeddable":true,"href":"https:\/\/www.europesays.com\/de\/wp-json\/wp\/v2\/users\/2"}],"replies":[{"embeddable":true,"href":"https:\/\/www.europesays.com\/de\/wp-json\/wp\/v2\/comments?post=955649"}],"version-history":[{"count":0,"href":"https:\/\/www.europesays.com\/de\/wp-json\/wp\/v2\/posts\/955649\/revisions"}],"wp:featuredmedia":[{"embeddable":true,"href":"https:\/\/www.europesays.com\/de\/wp-json\/wp\/v2\/media\/955650"}],"wp:attachment":[{"href":"https:\/\/www.europesays.com\/de\/wp-json\/wp\/v2\/media?parent=955649"}],"wp:term":[{"taxonomy":"category","embeddable":true,"href":"https:\/\/www.europesays.com\/de\/wp-json\/wp\/v2\/categories?post=955649"},{"taxonomy":"post_tag","embeddable":true,"href":"https:\/\/www.europesays.com\/de\/wp-json\/wp\/v2\/tags?post=955649"}],"curies":[{"name":"wp","href":"https:\/\/api.w.org\/{rel}","templated":true}]}}