{"id":955660,"date":"2026-04-18T18:09:11","date_gmt":"2026-04-18T18:09:11","guid":{"rendered":"https:\/\/www.europesays.com\/de\/955660\/"},"modified":"2026-04-18T18:09:11","modified_gmt":"2026-04-18T18:09:11","slug":"18-04-nach-messerangriff-in-wohnung-taeter-fluechtig","status":"publish","type":"post","link":"https:\/\/www.europesays.com\/de\/955660\/","title":{"rendered":"18.04.: Nach Messerangriff in Wohnung: T\u00e4ter fl\u00fcchtig"},"content":{"rendered":"<p>&#13;<br \/>\n            <b>Alfter<\/b>. Die Bonner Polizei hat in der Nacht zu Samstag (18.04.2026) nach einer Auseinandersetzung unter Bekannten in einer Wohnung in Alfter-Witterschlick Ermittlungen wegen des Verdachts der gef\u00e4hrlichen K\u00f6rperverletzung aufgenommen. <\/p>\n<p>Nach bisherigen Erkenntnissen waren zur Tatzeit gegen 00:30 Uhr zwei M\u00e4nner (39, 48) in der Wohnung einer 48-j\u00e4hrigen Frau an der Hauptstra\u00dfe in Witterschlick in einen zun\u00e4chst verbalen Streit geraten. In Folge des Streits soll der 39-J\u00e4hrige dann ein Messer gezogen, den 48-J\u00e4hrigen am Bein verletzt haben und im Anschluss aus der Wohnung gefl\u00fcchtet sein. <\/p>\n<p>Die 48-J\u00e4hrige verst\u00e4ndigte daraufhin die Polizei, die unmittelbar umfangreiche Fahndungsma\u00dfnahmen nach dem Tatverd\u00e4chtigen einleitete, in die auch ein Polizeihubschrauber eingebunden war. Ebenfalls alarmierte Einsatzkr\u00e4fte des Rettungsdienstes brachten den Gesch\u00e4digten zur station\u00e4ren Behandlung in eine Klinik. Die mutma\u00dfliche Tatwaffe konnte in der Wohnung der 48-J\u00e4hrigen sichergestellt werden. <\/p>\n<p>Der Tatverd\u00e4chtige konnte bislang nicht angetroffen werden. Nach ihm wird nun weiter gefahndet. Die Kriminalpolizei hat die Ermittlungen wegen des Verdachts der gef\u00e4hrlichen K\u00f6rperverletzung \u00fcbernommen. Pressemitteilung Polizei Bonn <\/p>\n<p>                <a href=\"https:\/\/www.blick-aktuell.de\/Berichte\/Quiz-Wie-gut-kennt-ihr-euch-in-Bonn-aus-653640.html?StoryId=661119\" rel=\"nofollow noopener\" target=\"_blank\">&#13;<br \/>\n                  <img decoding=\"async\" class=\"img-responsive WebStoryLink-Image\" src=\"https:\/\/www.europesays.com\/de\/wp-content\/uploads\/2026\/02\/Quiz-Wie-gut-kennt-ihr-euch-in-Bonn-aus-653640t.jpg\" alt=\"Quiz: Wie gut kennt ihr euch in Bonn aus?\"\/>&#13;<br \/>\n                <\/a><\/p>\n<p>                <a href=\"https:\/\/www.blick-aktuell.de\/Berichte\/Quiz-Wie-gut-kennt-ihr-euch-in-Bonn-und-dem-Rhein-Sieg-Kreis-aus-643202.html?StoryId=661119\" rel=\"nofollow noopener\" target=\"_blank\">&#13;<br \/>\n                  <img decoding=\"async\" class=\"img-responsive WebStoryLink-Image\" src=\"https:\/\/www.europesays.com\/de\/wp-content\/uploads\/2025\/10\/Quiz-Wie-gut-kennt-ihr-euch-in-Bonn-und-dem-Rhein-Sieg-Kreis-aus-643202t.jpg\" alt=\"Quiz: Wie gut kennt ihr euch in Bonn und dem Rhein-Sieg-Kreis aus?\"\/>&#13;<br \/>\n                <\/a><\/p>\n<p>                <a href=\"https:\/\/www.blick-aktuell.de\/Nachrichten\/1704-Unfall-auf-der-L255-Autofahrer-nach-Unfall-mit-LKW-schwer-verletzt-661118.html?StoryId=661119\" rel=\"nofollow noopener\" target=\"_blank\">&#13;<br \/>\n                  <img decoding=\"async\" class=\"img-responsive WebStoryLink-Image\" src=\"https:\/\/www.europesays.com\/de\/wp-content\/uploads\/2026\/04\/1704-Unfall-auf-der-L255-Autofahrer-nach-Unfall-mit-LKW-schwer-verletzt-661118t.jpg\" alt=\"17.04.: Unfall auf der L255: Autofahrer nach Kollision mit LKW schwer verletzt\"\/>&#13;<br \/>\n                <\/a><\/p>\n","protected":false},"excerpt":{"rendered":"&#13; Alfter. Die Bonner Polizei hat in der Nacht zu Samstag (18.04.2026) nach einer Auseinandersetzung unter Bekannten in&hellip;\n","protected":false},"author":2,"featured_media":955661,"comment_status":"","ping_status":"","sticky":false,"template":"","format":"standard","meta":{"footnotes":"","_share_on_mastodon":"0"},"categories":[1842],"tags":[65296,1741,3364,29,30,1209,121,207825],"class_list":["post-955660","post","type-post","status-publish","format-standard","has-post-thumbnail","category-bonn","tag-alfter","tag-bonn","tag-de","tag-deutschland","tag-germany","tag-nordrhein-westfalen","tag-polizei","tag-witterschlick"],"share_on_mastodon":{"url":"https:\/\/pubeurope.com\/@de\/116427055623810005","error":""},"_links":{"self":[{"href":"https:\/\/www.europesays.com\/de\/wp-json\/wp\/v2\/posts\/955660","targetHints":{"allow":["GET"]}}],"collection":[{"href":"https:\/\/www.europesays.com\/de\/wp-json\/wp\/v2\/posts"}],"about":[{"href":"https:\/\/www.europesays.com\/de\/wp-json\/wp\/v2\/types\/post"}],"author":[{"embeddable":true,"href":"https:\/\/www.europesays.com\/de\/wp-json\/wp\/v2\/users\/2"}],"replies":[{"embeddable":true,"href":"https:\/\/www.europesays.com\/de\/wp-json\/wp\/v2\/comments?post=955660"}],"version-history":[{"count":0,"href":"https:\/\/www.europesays.com\/de\/wp-json\/wp\/v2\/posts\/955660\/revisions"}],"wp:featuredmedia":[{"embeddable":true,"href":"https:\/\/www.europesays.com\/de\/wp-json\/wp\/v2\/media\/955661"}],"wp:attachment":[{"href":"https:\/\/www.europesays.com\/de\/wp-json\/wp\/v2\/media?parent=955660"}],"wp:term":[{"taxonomy":"category","embeddable":true,"href":"https:\/\/www.europesays.com\/de\/wp-json\/wp\/v2\/categories?post=955660"},{"taxonomy":"post_tag","embeddable":true,"href":"https:\/\/www.europesays.com\/de\/wp-json\/wp\/v2\/tags?post=955660"}],"curies":[{"name":"wp","href":"https:\/\/api.w.org\/{rel}","templated":true}]}}