{"id":955690,"date":"2026-04-18T18:33:23","date_gmt":"2026-04-18T18:33:23","guid":{"rendered":"https:\/\/www.europesays.com\/de\/955690\/"},"modified":"2026-04-18T18:33:23","modified_gmt":"2026-04-18T18:33:23","slug":"nicht-im-sinne-des-fussballs-bvb-und-niko-kovac-hadern-nach-strittigem-elfmeterpfiff-gegen-tsg-hoffenheim","status":"publish","type":"post","link":"https:\/\/www.europesays.com\/de\/955690\/","title":{"rendered":"&#8222;Nicht im Sinne des Fu\u00dfballs&#8220;: BVB und Niko Kovac hadern nach strittigem Elfmeterpfiff gegen TSG Hoffenheim"},"content":{"rendered":"<p>Der BVB kassiert gegen die TSG Hoffenheim eine bittere 1:2-Niederlage. Trainer Niko Kovac hadert dabei vor allem mit dem ersten Elfmeterpfiff.<\/p>\n<p>Schiedsrichter Daniel Siebert hatte den Sinsheimern in der ersten H\u00e4lfte einen strittigen Strafsto\u00df zugesprochen, nachdem Dortmunds Innenverteidiger Niklas S\u00fcle den Ball bei einem Schuss an die Hand bekommen hatte.<\/p>\n","protected":false},"excerpt":{"rendered":"Der BVB kassiert gegen die TSG Hoffenheim eine bittere 1:2-Niederlage. Trainer Niko Kovac hadert dabei vor allem mit&hellip;\n","protected":false},"author":2,"featured_media":955691,"comment_status":"","ping_status":"","sticky":false,"template":"","format":"standard","meta":{"footnotes":"","_share_on_mastodon":"0"},"categories":[1833],"tags":[888,299,3364,29,217,347,30,8844,28215,75958,116561,24087,1209,4604],"class_list":["post-955690","post","type-post","status-publish","format-standard","has-post-thumbnail","category-dortmund","tag-borussia-dortmund","tag-bundesliga","tag-de","tag-deutschland","tag-dortmund","tag-fussball","tag-germany","tag-hoffenheim","tag-hoffenheim-vs-borussia-dortmund","tag-n-kovac","tag-n-suele","tag-niklas-suele","tag-nordrhein-westfalen","tag-soccer"],"share_on_mastodon":{"url":"https:\/\/pubeurope.com\/@de\/116427148818095576","error":""},"_links":{"self":[{"href":"https:\/\/www.europesays.com\/de\/wp-json\/wp\/v2\/posts\/955690","targetHints":{"allow":["GET"]}}],"collection":[{"href":"https:\/\/www.europesays.com\/de\/wp-json\/wp\/v2\/posts"}],"about":[{"href":"https:\/\/www.europesays.com\/de\/wp-json\/wp\/v2\/types\/post"}],"author":[{"embeddable":true,"href":"https:\/\/www.europesays.com\/de\/wp-json\/wp\/v2\/users\/2"}],"replies":[{"embeddable":true,"href":"https:\/\/www.europesays.com\/de\/wp-json\/wp\/v2\/comments?post=955690"}],"version-history":[{"count":0,"href":"https:\/\/www.europesays.com\/de\/wp-json\/wp\/v2\/posts\/955690\/revisions"}],"wp:featuredmedia":[{"embeddable":true,"href":"https:\/\/www.europesays.com\/de\/wp-json\/wp\/v2\/media\/955691"}],"wp:attachment":[{"href":"https:\/\/www.europesays.com\/de\/wp-json\/wp\/v2\/media?parent=955690"}],"wp:term":[{"taxonomy":"category","embeddable":true,"href":"https:\/\/www.europesays.com\/de\/wp-json\/wp\/v2\/categories?post=955690"},{"taxonomy":"post_tag","embeddable":true,"href":"https:\/\/www.europesays.com\/de\/wp-json\/wp\/v2\/tags?post=955690"}],"curies":[{"name":"wp","href":"https:\/\/api.w.org\/{rel}","templated":true}]}}