{"id":955772,"date":"2026-04-18T19:24:18","date_gmt":"2026-04-18T19:24:18","guid":{"rendered":"https:\/\/www.europesays.com\/de\/955772\/"},"modified":"2026-04-18T19:24:18","modified_gmt":"2026-04-18T19:24:18","slug":"polizei-fahrraeder-auch-im-treppenhaus-gruendlich-sichern-ludwigshafen","status":"publish","type":"post","link":"https:\/\/www.europesays.com\/de\/955772\/","title":{"rendered":"Polizei: Fahrr\u00e4der auch im Treppenhaus gr\u00fcndlich sichern &#8211; Ludwigshafen"},"content":{"rendered":"<p><b\/>Den Diebstahl eines Fahrrads aus einem Treppenhaus in einem Mehrfamilienhaus in der Yorckstra\u00dfe nimmt die Polizei zum Anlass f\u00fcr eine Empfehlung. Das Rad war zwischen Mittwoch, 18 Uhr, und Donnerstag, 6 Uhr, entwendet worden. Die Polizei empfiehlt, Fahrr\u00e4der m\u00f6glichst in verschlossenen R\u00e4umen oder an fest verankerten Gegenst\u00e4nden mit hochwertigen Schl\u00f6ssern zu sichern.  Insbesondere ge\u00fcbte T\u00e4ter sind in der Lage, auch einfache Sicherungen innerhalb kurzer Zeit zu \u00fcberwinden.  Zudem sollte die Rahmennummer notiert und idealerweise ein Fahrradpass angelegt werden, um  die Fahndung zu erleichtern. Auch der Einsatz von Videokameras kann zur Abschreckung beitragen, ist jedoch rechtlich nur zul\u00e4ssig, wenn ausschlie\u00dflich private Kellerr\u00e4ume \u00fcberwacht werden und keine gemeinschaftlich genutzten Bereiche erfasst werden. Zeugen werden gebeten sich mit der Polizeiinspektion Ludwigshafen 1 telefonisch unter 0621 963-24150 oder per E-Mail an piludwigshafen1@polizei.rlp.de in Verbindung zu setzen.<\/p>\n","protected":false},"excerpt":{"rendered":"Den Diebstahl eines Fahrrads aus einem Treppenhaus in einem Mehrfamilienhaus in der Yorckstra\u00dfe nimmt die Polizei zum Anlass&hellip;\n","protected":false},"author":2,"featured_media":955773,"comment_status":"","ping_status":"","sticky":false,"template":"","format":"standard","meta":{"footnotes":"","_share_on_mastodon":"0"},"categories":[1845],"tags":[1634,3364,29,548,663,3934,30,13,4060,2096,14,15,121,12,18209],"class_list":["post-955772","post","type-post","status-publish","format-standard","has-post-thumbnail","category-mannheim","tag-baden-wuerttemberg","tag-de","tag-deutschland","tag-eu","tag-europa","tag-europe","tag-germany","tag-headlines","tag-lokal","tag-mannheim","tag-nachrichten","tag-news","tag-polizei","tag-schlagzeilen","tag-treppenhaus"],"share_on_mastodon":{"url":"https:\/\/pubeurope.com\/@de\/116427349420526988","error":""},"_links":{"self":[{"href":"https:\/\/www.europesays.com\/de\/wp-json\/wp\/v2\/posts\/955772","targetHints":{"allow":["GET"]}}],"collection":[{"href":"https:\/\/www.europesays.com\/de\/wp-json\/wp\/v2\/posts"}],"about":[{"href":"https:\/\/www.europesays.com\/de\/wp-json\/wp\/v2\/types\/post"}],"author":[{"embeddable":true,"href":"https:\/\/www.europesays.com\/de\/wp-json\/wp\/v2\/users\/2"}],"replies":[{"embeddable":true,"href":"https:\/\/www.europesays.com\/de\/wp-json\/wp\/v2\/comments?post=955772"}],"version-history":[{"count":0,"href":"https:\/\/www.europesays.com\/de\/wp-json\/wp\/v2\/posts\/955772\/revisions"}],"wp:featuredmedia":[{"embeddable":true,"href":"https:\/\/www.europesays.com\/de\/wp-json\/wp\/v2\/media\/955773"}],"wp:attachment":[{"href":"https:\/\/www.europesays.com\/de\/wp-json\/wp\/v2\/media?parent=955772"}],"wp:term":[{"taxonomy":"category","embeddable":true,"href":"https:\/\/www.europesays.com\/de\/wp-json\/wp\/v2\/categories?post=955772"},{"taxonomy":"post_tag","embeddable":true,"href":"https:\/\/www.europesays.com\/de\/wp-json\/wp\/v2\/tags?post=955772"}],"curies":[{"name":"wp","href":"https:\/\/api.w.org\/{rel}","templated":true}]}}