{"id":955808,"date":"2026-04-18T19:55:21","date_gmt":"2026-04-18T19:55:21","guid":{"rendered":"https:\/\/www.europesays.com\/de\/955808\/"},"modified":"2026-04-18T19:55:21","modified_gmt":"2026-04-18T19:55:21","slug":"lothar-matthaeus-zu-serge-gnabry-ganz-deutschland-drueckt-dir-die-daumen-sport","status":"publish","type":"post","link":"https:\/\/www.europesays.com\/de\/955808\/","title":{"rendered":"Lothar Matth\u00e4us zu Serge Gnabry: \u201eGanz Deutschland dr\u00fcckt Dir die Daumen\u201c | Sport"},"content":{"rendered":"<p><a class=\"skip-content skip-content--link\" href=\"#in-content-skip-link-target-v-0-0\">TTS-Player \u00fcberspringen\u21b5<\/a><a id=\"in-content-skip-link-target-v-0-0\" class=\"skip-content--target-link-hidden skip-content skip-content--target-link\" href=\"#in-content-skip-link-target-v-0-0\">Artikel weiterlesen<\/a><\/p>\n<p><b>Aufmunternde Worte f\u00fcr Serge Gnabry! Der Bayern-Star f\u00e4llt wegen eines Ausrisses der Adduktoren am rechten Oberschenkel \u201ef\u00fcr l\u00e4ngere Zeit\u201c aus. Lothar Matth\u00e4us dr\u00fcckt ihm die Daumen, dass er es noch zur WM schafft.<\/b><\/p>\n<p>Matth\u00e4us sagt bei Sky zun\u00e4chst: \u201eIch wei\u00df nicht, was da alles genau kaputt ist. F\u00fcr mich bedeutet es eine Pause von acht Wochen. Dann wird es nat\u00fcrlich super, super eng f\u00fcr die Weltmeisterschaft. In f\u00fcnf Wochen wird der Kader bekanntgegeben. Das wird ein Wettlauf mit der Zeit.\u201c<\/p>\n<p>In dieser Saison kommt der <a href=\"https:\/\/www.bild.de\/sport\/fussball\/bayern-muenchen\/startseite-fc-bayern-muenchen-31074450.bild.html\" class=\"text-link\" rel=\"nofollow noopener\" target=\"_blank\">Bayern-Profi<\/a> in 21 Bundesliga-Spielen auf 8 Tore und 6 Vorlagen. <a href=\"https:\/\/www.bild.de\/sport\/fussball\/fc-bayern-verletzungs-schock-bei-serge-gnabry-69e3d063064e04c985e98658\" class=\"text-link\" rel=\"nofollow noopener\" target=\"_blank\">Gnabry<\/a> habe \u201e\u00fcberragend gespielt\u201c, erkl\u00e4rt der Rekordnationalspieler.<\/p>\n<p>Mehr zum Thema\u201eGanz Deutschland dr\u00fcckt Dir die Daumen\u201c<\/p>\n<p>Abschlie\u00dfend sagt Matth\u00e4us: \u201eSerge, ich dr\u00fccke Dir die Daumen, dass Du es schaffst. Du hast es vor allem wegen der Leistung verdient und \u00fcberhaupt f\u00fcr das, was Du geleistet hat. Ganz Deutschland dr\u00fcckt Dir die Daumen. Du bist ein Mehrwert f\u00fcr die Deutsche Nationalmannschaft.\u201c<\/p>\n<p>Am 12. Mai nominiert der <a href=\"https:\/\/www.bild.de\/sport\/fussball\/nationalmannschaft\/home-15770882.bild.html\" class=\"text-link\" rel=\"nofollow noopener\" target=\"_blank\">Bundestrainer<\/a> seinen Kader f\u00fcr das Turnier in den USA, Kanada und Mexiko. Die <a href=\"https:\/\/www.bild.de\/sport\/fussball\/fifa-wm-2026-QNToDBgFYEJ5vy2KN6mE\" class=\"text-link\" rel=\"nofollow noopener\" target=\"_blank\">WM<\/a> findet vom 11. Juni bis 19. Juli statt. Deutschland startet am 14. Juni mit der Partie gegen Curacao ins Turnier.<\/p>\n","protected":false},"excerpt":{"rendered":"TTS-Player \u00fcberspringen\u21b5Artikel weiterlesen Aufmunternde Worte f\u00fcr Serge Gnabry! Der Bayern-Star f\u00e4llt wegen eines Ausrisses der Adduktoren am rechten&hellip;\n","protected":false},"author":2,"featured_media":955809,"comment_status":"","ping_status":"","sticky":false,"template":"","format":"standard","meta":{"footnotes":"","_share_on_mastodon":"0"},"categories":[2],"tags":[331,3924,332,3922,3364,1260,29,481,538,458,30,13,28747,14,3923,15,3921,12,45],"class_list":["post-955808","post","type-post","status-publish","format-standard","has-post-thumbnail","category-deutschland","tag-aktuelle-nachrichten","tag-aktuelle-nachrichten-aus-deutschland","tag-aktuelle-news","tag-aktuelle-news-aus-deutschland","tag-de","tag-deutsche-nationalmannschaft","tag-deutschland","tag-dfb","tag-erste-bundesliga","tag-fc-bayern-muenchen","tag-germany","tag-headlines","tag-matthaeus-lothar","tag-nachrichten","tag-nachrichten-aus-deutschland","tag-news","tag-news-aus-deutschland","tag-schlagzeilen","tag-texttospeech"],"share_on_mastodon":{"url":"https:\/\/pubeurope.com\/@de\/116427471484551971","error":""},"_links":{"self":[{"href":"https:\/\/www.europesays.com\/de\/wp-json\/wp\/v2\/posts\/955808","targetHints":{"allow":["GET"]}}],"collection":[{"href":"https:\/\/www.europesays.com\/de\/wp-json\/wp\/v2\/posts"}],"about":[{"href":"https:\/\/www.europesays.com\/de\/wp-json\/wp\/v2\/types\/post"}],"author":[{"embeddable":true,"href":"https:\/\/www.europesays.com\/de\/wp-json\/wp\/v2\/users\/2"}],"replies":[{"embeddable":true,"href":"https:\/\/www.europesays.com\/de\/wp-json\/wp\/v2\/comments?post=955808"}],"version-history":[{"count":0,"href":"https:\/\/www.europesays.com\/de\/wp-json\/wp\/v2\/posts\/955808\/revisions"}],"wp:featuredmedia":[{"embeddable":true,"href":"https:\/\/www.europesays.com\/de\/wp-json\/wp\/v2\/media\/955809"}],"wp:attachment":[{"href":"https:\/\/www.europesays.com\/de\/wp-json\/wp\/v2\/media?parent=955808"}],"wp:term":[{"taxonomy":"category","embeddable":true,"href":"https:\/\/www.europesays.com\/de\/wp-json\/wp\/v2\/categories?post=955808"},{"taxonomy":"post_tag","embeddable":true,"href":"https:\/\/www.europesays.com\/de\/wp-json\/wp\/v2\/tags?post=955808"}],"curies":[{"name":"wp","href":"https:\/\/api.w.org\/{rel}","templated":true}]}}