{"id":955900,"date":"2026-04-18T20:57:03","date_gmt":"2026-04-18T20:57:03","guid":{"rendered":"https:\/\/www.europesays.com\/de\/955900\/"},"modified":"2026-04-18T20:57:03","modified_gmt":"2026-04-18T20:57:03","slug":"erkelenz-bei-aachen-junge-von-auto-angefahren-und-schwer-verletzt","status":"publish","type":"post","link":"https:\/\/www.europesays.com\/de\/955900\/","title":{"rendered":"Erkelenz bei Aachen: Junge von Auto angefahren und schwer verletzt"},"content":{"rendered":"<p>Bei Aachen <\/p>\n<p>Junge von Auto angefahren und schwer verletzt<\/p>\n<p>17.04.2026Lesedauer: 1 Min.<\/p>\n<p><a href=\"#focus-0\" class=\"transition-colors duration-200 block text-current relative\" data-sctrack=\"FocusGalleryImage.Reference\"><img fetchpriority=\"high\" data-testid=\"Opener.Image\" style=\"--lqipURL:url('https:\/\/images.t-online.de\/2026\/04\/QBbGWH4au69b\/236x11:3291x1851\/fit-in\/150x0\/filters:blur(25)\/blaulicht-auf-einem-streifenwagen-in-muenchen-archivbild-die-drei-verdaechtigen-wurden-nach-abschluss-der-massnahmen-wieder-auf-freien-fuss-gesetzt.jpg')\"   loading=\"eager\" src=\"https:\/\/www.europesays.com\/de\/wp-content\/uploads\/2026\/04\/1776545823_354_blaulicht-auf-einem-streifenwagen-in-muenchen-archivbild-die-drei-verdaechtigen-wurden-nach-abschlus.jpeg\" alt=\"Blaulicht auf einem Streifenwagen in M\u00fcnchen (Archivbild): Die drei Verd\u00e4chtigen wurden nach Abschluss der Ma\u00dfnahmen wieder auf freien Fu\u00df gesetzt.\" title=\"Blaulicht auf einem Streifenwagen in M\u00fcnchen (Archivbild): Die drei Verd\u00e4chtigen wurden nach Abschluss der Ma\u00dfnahmen wieder auf freien Fu\u00df gesetzt.\" width=\"3291\" height=\"1851\" class=\"bg-[url:var(--lqipURL)] bg-cover bg-center flex h-full w-full max-w-full\" decoding=\"async\"\/><img style=\"--width:32;--height:32\" loading=\"lazy\" src=\"https:\/\/aachen.t-online.de\/s\/paper\/_next\/static\/media\/zoom-in.f7dae02f.svg\" alt=\"Vergr\u00f6\u00dfern des Bildes\" title=\"Vergr\u00f6\u00dfern des Bildes\" class=\"block h-[calc(var(--height)_\/_16_*_1rem)] w-[calc(var(--width)_\/_16_*_1rem)] max-w-none absolute bottom-8 right-8 rounded-4 bg-snow p-8\" decoding=\"async\"\/><\/a><\/p>\n<p>Blaulicht auf einem Streifenwagen (Symbolbild): Die Polizei musste in Erkelenz zu einem Unfal ausr\u00fccken. (Quelle: Imago\/aal.photo)<\/p>\n<p class=\"font-bold text-18 leading-17 user-text-lg:text-22 user-text-xl:text-24\">In Erkelenz bei Aachen ist ein neunj\u00e4hriger Junge von einem Auto erfasst worden. Er kam schwer verletzt in eine Klinik.<\/p>\n<p class=\"text-18 leading-17 user-text-lg:text-22 user-text-xl:text-24\">In Erkelenz bei Aachen ist am Donnerstagnachmittag ein Junge von einem Auto angefahren und schwer verletzt worden.<\/p>\n<p class=\"text-18 leading-17 user-text-lg:text-22 user-text-xl:text-24\">Nach Angaben der Polizei sei der Neunj\u00e4hrige aus bislang ungekl\u00e4rter Ursache pl\u00f6tzlich hinter einem geparkten Auto auf die Stra\u00dfe gelaufen. Ein 22-j\u00e4hriger Autofahrer konnte nicht mehr rechtzeitig bremsen.<\/p>\n<p class=\"text-18 leading-17 user-text-lg:text-22 user-text-xl:text-24\">Der Neunj\u00e4hrige wurde in eine Klinik nach Aachen gebracht. Lebensgefahr bestehe nicht, teilte die Polizei mit.<\/p>\n","protected":false},"excerpt":{"rendered":"Bei Aachen Junge von Auto angefahren und schwer verletzt 17.04.2026Lesedauer: 1 Min. Blaulicht auf einem Streifenwagen (Symbolbild): Die&hellip;\n","protected":false},"author":2,"featured_media":955901,"comment_status":"","ping_status":"","sticky":false,"template":"","format":"standard","meta":{"footnotes":"","_share_on_mastodon":"0"},"categories":[1853],"tags":[1424,513,3364,29,19203,548,663,3934,30,13,14,15,1209,121,12,1284],"class_list":["post-955900","post","type-post","status-publish","format-standard","has-post-thumbnail","category-aachen","tag-aachen","tag-auto","tag-de","tag-deutschland","tag-erkelenz","tag-eu","tag-europa","tag-europe","tag-germany","tag-headlines","tag-nachrichten","tag-news","tag-nordrhein-westfalen","tag-polizei","tag-schlagzeilen","tag-unfall"],"share_on_mastodon":{"url":"https:\/\/pubeurope.com\/@de\/116427715377073412","error":""},"_links":{"self":[{"href":"https:\/\/www.europesays.com\/de\/wp-json\/wp\/v2\/posts\/955900","targetHints":{"allow":["GET"]}}],"collection":[{"href":"https:\/\/www.europesays.com\/de\/wp-json\/wp\/v2\/posts"}],"about":[{"href":"https:\/\/www.europesays.com\/de\/wp-json\/wp\/v2\/types\/post"}],"author":[{"embeddable":true,"href":"https:\/\/www.europesays.com\/de\/wp-json\/wp\/v2\/users\/2"}],"replies":[{"embeddable":true,"href":"https:\/\/www.europesays.com\/de\/wp-json\/wp\/v2\/comments?post=955900"}],"version-history":[{"count":0,"href":"https:\/\/www.europesays.com\/de\/wp-json\/wp\/v2\/posts\/955900\/revisions"}],"wp:featuredmedia":[{"embeddable":true,"href":"https:\/\/www.europesays.com\/de\/wp-json\/wp\/v2\/media\/955901"}],"wp:attachment":[{"href":"https:\/\/www.europesays.com\/de\/wp-json\/wp\/v2\/media?parent=955900"}],"wp:term":[{"taxonomy":"category","embeddable":true,"href":"https:\/\/www.europesays.com\/de\/wp-json\/wp\/v2\/categories?post=955900"},{"taxonomy":"post_tag","embeddable":true,"href":"https:\/\/www.europesays.com\/de\/wp-json\/wp\/v2\/tags?post=955900"}],"curies":[{"name":"wp","href":"https:\/\/api.w.org\/{rel}","templated":true}]}}