{"id":955988,"date":"2026-04-18T21:51:16","date_gmt":"2026-04-18T21:51:16","guid":{"rendered":"https:\/\/www.europesays.com\/de\/955988\/"},"modified":"2026-04-18T21:51:16","modified_gmt":"2026-04-18T21:51:16","slug":"stuttgart-nestbau-im-schatten-von-s21-stoerche-starten-eigenes-projekt","status":"publish","type":"post","link":"https:\/\/www.europesays.com\/de\/955988\/","title":{"rendered":"Stuttgart: Nestbau im Schatten von S21 \u2013 St\u00f6rche starten eigenes Projekt"},"content":{"rendered":"<p>\t\t\t\t\t\t\t\t\t\t\t\t\t\t\t\t\t\t\t\t\t\t\t\t\t\t\t\t      \t\t            \t\t             \t\t\t\t   \t\t\t\t\t   <img decoding=\"async\" id=\"article-image\" fetchpriority=\"high\" alt=\"Stuttgart: Nestbau im Schatten von S21 \u2013 St\u00f6rche starten eigenes Projekt\" onclick=\"var pA=document.createElement('a');pA.setAttribute('href','https:\/\/www.stuttgarter-nachrichten.de\/gallery.stuttgart-nestbau-im-schatten-von-s21-stoerche-starten-eigenes-projekt.42e1f11b-055b-4da3-8920-c9d8c4d6ad2d.html'),pA.click();\" title=\"Stuttgart: Nestbau im Schatten von S21 \u2013 St\u00f6rche starten eigenes Projekt\" src=\"https:\/\/www.europesays.com\/de\/wp-content\/uploads\/2026\/04\/media.media.089d9e12-c153-4a11-b56a-c789d901311e.16x9_700.jpg\" data-linkto=\"https:\/\/www.stuttgarter-nachrichten.de\/gallery.stuttgart-nestbau-im-schatten-von-s21-stoerche-starten-eigenes-projekt.42e1f11b-055b-4da3-8920-c9d8c4d6ad2d.html\"\/>\t\t\t\t\t\t\t\t\t\t\t\t\t\t\t\t\t\t\t\t\t\t\t\tIn Stuttgart wurden zwei St\u00f6rche dabei gesichtet, wie sie \u201eBaumaterial\u201c f\u00fcr ein Nest sammeln.\u00a0Foto: Andreas Rosar Fotoagentur Stuttgart\t\t\t<\/p>\n<p>Auf einer Baustelle nahe des Stuttgarter Hauptbahnhofs werden am Samstag zwei St\u00f6rche gesichtet. Sie sammeln flei\u00dfig Material f\u00fcr ein m\u00f6gliches Nest.<\/p>\n<p>Da soll noch einer sagen, <a href=\"https:\/\/www.stuttgarter-nachrichten.de\/thema\/Stuttgart\" title=\"Stuttgart\" class=\"art_thema\" rel=\"nofollow noopener\" target=\"_blank\">Stuttgart<\/a> sei nicht gut genug f\u00fcr ein Eigenheim! Zwei <a href=\"https:\/\/www.stuttgarter-nachrichten.de\/thema\/St%C3%B6rche\" title=\"St\u00f6rche\" class=\"art_thema\" rel=\"nofollow noopener\" target=\"_blank\">St\u00f6rche<\/a> sehen das offenbar anders. W\u00e4hrend die Bauarbeiten rund um den <a href=\"https:\/\/www.stuttgarter-nachrichten.de\/thema\/Hauptbahnhof\" title=\"Hauptbahnhof\" class=\"art_thema\" rel=\"nofollow noopener\" target=\"_blank\">Hauptbahnhof<\/a> weiterlaufen, starten sie inmitten des Trubels ihre eigene kleine \u201eBaustelle\u201d. Die V\u00f6gel wurden am Samstag dabei beobachtet, wie sie flei\u00dfig alles zusammentrugen, was sich als Nistmaterial eignete.<\/p>\n<p>Die beiden Tiere waren auf dem Gel\u00e4nde der Abrissbaustelle des ehemaligen Schlossgarten-Hotels unterwegs. Ein aufmerksamer Fotograf hielt die Szene fest. Die Aufnahmen zeigen, wie die St\u00f6rche scheinbar unbeeindruckt von Baggern und Kr\u00e4nen \u00c4ste und weiteres \u201eBaumaterial\u201c sammeln.<\/p>\n<p>St\u00f6rche kehren h\u00e4ufig an denselben Brutplatz zur\u00fcck <\/p>\n<p>Die Baustelle liegt im Umfeld des Gro\u00dfprojekts <a href=\"https:\/\/www.stuttgarter-nachrichten.de\/thema\/Stuttgart_21\" title=\"Stuttgart 21\" class=\"art_thema\" rel=\"nofollow noopener\" target=\"_blank\">Stuttgart 21<\/a> \u2013 ein Ort, der sonst eher f\u00fcr schwere Maschinen als f\u00fcr Nestbau bekannt ist. Ob sich die Tiere dort tats\u00e4chlich niederlassen, ist unklar. Ihr Verhalten zeigt jedoch, wie anpassungsf\u00e4hig sie sind und dass sie auch ungew\u00f6hnliche Orte nutzen.<\/p>\n<p>Laut der <a href=\"https:\/\/naturpark-fichtelgebirge.org\/entdecken\/tiere\/weissstorch\/\" target=\"_blank\" rel=\"nofollow noopener\">Webseite des Naturparks Fichtelgebirge<\/a> bevorzugen Wei\u00dfst\u00f6rche f\u00fcr ihre Nester normalerweise erh\u00f6hte, gut einsehbare Stellen in der N\u00e4he von Feuchtgebieten. Neben B\u00e4umen nutzen sie auch D\u00e4cher, Schornsteine, Strommasten oder spezielle Nisthilfen. H\u00e4ufig kehren sie \u00fcber viele Jahre an denselben Brutplatz zur\u00fcck, sofern sie dort geeignete Bedingungen vorfinden.<\/p>\n<p>Eines ist zumindest sicher: Die St\u00f6rche werden ihr Nest fertig haben, <a href=\"https:\/\/www.stuttgarter-nachrichten.de\/inhalt.neue-hiobsbotschaft-stuttgart-21-wird-wohl-fruehestens-2029-fertig.aefc572b-cc50-462c-a4ce-3b14c32cf942.html\" target=\"_blank\" rel=\"nofollow noopener\">lange bevor die S21-Baustelle fertiggestellt ist<\/a>.<\/p>\n","protected":false},"excerpt":{"rendered":"In Stuttgart wurden zwei St\u00f6rche dabei gesichtet, wie sie \u201eBaumaterial\u201c f\u00fcr ein Nest sammeln.\u00a0Foto: Andreas Rosar Fotoagentur Stuttgart&hellip;\n","protected":false},"author":2,"featured_media":955989,"comment_status":"","ping_status":"","sticky":false,"template":"","format":"standard","meta":{"footnotes":"","_share_on_mastodon":"0"},"categories":[1830],"tags":[1634,3364,29,30,3601,62807,1441,9634],"class_list":["post-955988","post","type-post","status-publish","format-standard","has-post-thumbnail","category-stuttgart","tag-baden-wuerttemberg","tag-de","tag-deutschland","tag-germany","tag-hauptbahnhof","tag-stoerche","tag-stuttgart","tag-stuttgart-21"],"share_on_mastodon":{"url":"https:\/\/pubeurope.com\/@de\/116427927649319132","error":""},"_links":{"self":[{"href":"https:\/\/www.europesays.com\/de\/wp-json\/wp\/v2\/posts\/955988","targetHints":{"allow":["GET"]}}],"collection":[{"href":"https:\/\/www.europesays.com\/de\/wp-json\/wp\/v2\/posts"}],"about":[{"href":"https:\/\/www.europesays.com\/de\/wp-json\/wp\/v2\/types\/post"}],"author":[{"embeddable":true,"href":"https:\/\/www.europesays.com\/de\/wp-json\/wp\/v2\/users\/2"}],"replies":[{"embeddable":true,"href":"https:\/\/www.europesays.com\/de\/wp-json\/wp\/v2\/comments?post=955988"}],"version-history":[{"count":0,"href":"https:\/\/www.europesays.com\/de\/wp-json\/wp\/v2\/posts\/955988\/revisions"}],"wp:featuredmedia":[{"embeddable":true,"href":"https:\/\/www.europesays.com\/de\/wp-json\/wp\/v2\/media\/955989"}],"wp:attachment":[{"href":"https:\/\/www.europesays.com\/de\/wp-json\/wp\/v2\/media?parent=955988"}],"wp:term":[{"taxonomy":"category","embeddable":true,"href":"https:\/\/www.europesays.com\/de\/wp-json\/wp\/v2\/categories?post=955988"},{"taxonomy":"post_tag","embeddable":true,"href":"https:\/\/www.europesays.com\/de\/wp-json\/wp\/v2\/tags?post=955988"}],"curies":[{"name":"wp","href":"https:\/\/api.w.org\/{rel}","templated":true}]}}