{"id":95623,"date":"2025-05-09T00:50:18","date_gmt":"2025-05-09T00:50:18","guid":{"rendered":"https:\/\/www.europesays.com\/de\/95623\/"},"modified":"2025-05-09T00:50:18","modified_gmt":"2025-05-09T00:50:18","slug":"gleich-drei-leinwaende-in-bielefeld-alle-infos-zum-public-viewing-beim-pokalfinale-lokale-nachrichten-aus-lippe","status":"publish","type":"post","link":"https:\/\/www.europesays.com\/de\/95623\/","title":{"rendered":"Gleich drei Leinw\u00e4nde in Bielefeld: Alle Infos zum Public Viewing beim Pokalfinale | Lokale Nachrichten aus Lippe"},"content":{"rendered":"<p id=\"absatz1\" class=\"em_text\">Bielefeld. Wer am 24. Mai 2025 nicht nach Berlin f\u00e4hrt, kann das DFB-Pokalfinale DSC Arminia Bielefeld gegen VfB Stuttgart auch in der Heimat gemeinsam mit vielen anderen Fu\u00dfballfans sehen.<\/p>\n<p id=\"absatz2\" class=\"em_text\">Auf dem Jahnplatz organisiert Bielefeld Marketing ein Public Viewing ab 18 Uhr. \u201eWir nutzen die Infrastruktur des Leineweber-Marktes, der am darauffolgenden Mittwoch in der Innenstadt beginnt\u201c, wird Katharina Schilberg, Veranstaltungsleiterin bei Bielefeld Marketing, in einer Mitteilung zitiert. Deshalb werde die gro\u00dfe B\u00fchne f\u00fcr die Top-Acts des Stadtfestes bereits f\u00fcr das Public Viewing auf dem Jahnplatz auf der Seite der Bahnhofstra\u00dfe aufgebaut.<\/p>\n<p>Das ist der Zeitplan f\u00fcr das Public Viewing in Bielefeld<\/p>\n<p id=\"absatz4\" class=\"em_text\">Am 24. Mai 2025 werden die Stra\u00dfen rund um den Jahnplatz ab etwa 16.30 Uhr gesperrt. Die Veranstaltung beginnt um etwa 18 Uhr. Das Vorprogramm mit DJs aus dem Caf\u00e9 Europa ist noch in Planung. Ab 19.25 Uhr \u00fcbertr\u00e4gt das ZDF aus dem Berliner Olympiastadion. Um 20 Uhr wird das Finale angepfiffen.<\/p>\n<p>Diese Leinw\u00e4nde gibt es beim Public Viewing in Bielefeld<\/p>\n<p id=\"absatz5\" class=\"em_text\">Beim Public Viewing ist die Partie auf drei Leinw\u00e4nden auf dem Jahnplatz zu sehen. Eine 7,5 mal 4 Meter gro\u00dfe LED-Wand wird auf der gro\u00dfen B\u00fchne platziert und Richtung Altstadtseite zeigen. Daneben werden auf beiden Seiten jeweils eine kleinere Leinwand (4,5 mal 2,5 Meter) seitlich ausgerichtet.<\/p>\n<p>Das kostet der Eintritt beim Public Viewing in Bielefeld<\/p>\n<p id=\"absatz6\" class=\"em_text\">Die Veranstaltung ist \u00f6ffentlich und kostenlos zug\u00e4nglich. Es wird Getr\u00e4nkest\u00e4nde geben, au\u00dferdem haben anliegende Gastronomen ge\u00f6ffnet. \u201eZu den bei der Veranstaltung geltenden Sicherheits- und Verhaltensregeln wird Bielefeld Marketing rechtzeitig gesondert informieren\u201c, hei\u00dft es in der Mitteilung.<\/p>\n<p id=\"absatz7\" class=\"em_text\">Wer noch ein passendes Outfit sucht, kann sich in der Tourist-Information ein neues Bielefeld-Shirt mit BIE-Logo mit schwarz-wei\u00df-blau gestreiftem Stadtlogo vorne links auf der Brust und Bielefeld-Schriftzug auf dem R\u00fccken besorgen. Das Fan-Shirt ist in den Gr\u00f6\u00dfen S bis XXL in Schwarz und in Wei\u00df f\u00fcr 16 Euro erh\u00e4ltlich.<\/p>\n<p id=\"absatz8\" class=\"em_text\">Au\u00dferdem gibt es in der Tourist-Information wieder kostenlos die beliebten BIE-Aufkleber in den Vereinsfarben schwarz-wei\u00df-blau, die bereits im Aufstiegssommer 2020 schnell vergriffen waren. Die Tourist-Information in der Wissenswerkstadt, Wilhelmstra\u00dfe 3, 33602 Bielefeld, ist ge\u00f6ffnet montags bis samstags von 10 bis 18 Uhr. <\/p>\n","protected":false},"excerpt":{"rendered":"Bielefeld. Wer am 24. Mai 2025 nicht nach Berlin f\u00e4hrt, kann das DFB-Pokalfinale DSC Arminia Bielefeld gegen VfB&hellip;\n","protected":false},"author":2,"featured_media":95624,"comment_status":"","ping_status":"","sticky":false,"template":"","format":"standard","meta":{"footnotes":"","_share_on_mastodon":"0"},"categories":[1841],"tags":[22050,2368,22422,296,1605,3364,29,2364,20767,30,26502,27797,1609,38866,26470,1613,1209,4111,2915],"class_list":["post-95623","post","type-post","status-publish","format-standard","has-post-thumbnail","category-bielefeld","tag-ffnungszeit","tag-arminia-bielefeld","tag-bahnhofstrae","tag-berlin","tag-bielefeld","tag-de","tag-deutschland","tag-dfb-pokalfinale","tag-eintritt","tag-germany","tag-jahnplatz","tag-katharina-schilberg","tag-label_plus-ok","tag-leinwand","tag-lz_kreislippe","tag-meta_userneeds_informieremich","tag-nordrhein-westfalen","tag-pokalfinale","tag-vfb-stuttgart"],"share_on_mastodon":{"url":"https:\/\/pubeurope.com\/@de\/114475134137930279","error":""},"_links":{"self":[{"href":"https:\/\/www.europesays.com\/de\/wp-json\/wp\/v2\/posts\/95623","targetHints":{"allow":["GET"]}}],"collection":[{"href":"https:\/\/www.europesays.com\/de\/wp-json\/wp\/v2\/posts"}],"about":[{"href":"https:\/\/www.europesays.com\/de\/wp-json\/wp\/v2\/types\/post"}],"author":[{"embeddable":true,"href":"https:\/\/www.europesays.com\/de\/wp-json\/wp\/v2\/users\/2"}],"replies":[{"embeddable":true,"href":"https:\/\/www.europesays.com\/de\/wp-json\/wp\/v2\/comments?post=95623"}],"version-history":[{"count":0,"href":"https:\/\/www.europesays.com\/de\/wp-json\/wp\/v2\/posts\/95623\/revisions"}],"wp:featuredmedia":[{"embeddable":true,"href":"https:\/\/www.europesays.com\/de\/wp-json\/wp\/v2\/media\/95624"}],"wp:attachment":[{"href":"https:\/\/www.europesays.com\/de\/wp-json\/wp\/v2\/media?parent=95623"}],"wp:term":[{"taxonomy":"category","embeddable":true,"href":"https:\/\/www.europesays.com\/de\/wp-json\/wp\/v2\/categories?post=95623"},{"taxonomy":"post_tag","embeddable":true,"href":"https:\/\/www.europesays.com\/de\/wp-json\/wp\/v2\/tags?post=95623"}],"curies":[{"name":"wp","href":"https:\/\/api.w.org\/{rel}","templated":true}]}}