{"id":956602,"date":"2026-04-19T04:09:18","date_gmt":"2026-04-19T04:09:18","guid":{"rendered":"https:\/\/www.europesays.com\/de\/956602\/"},"modified":"2026-04-19T04:09:18","modified_gmt":"2026-04-19T04:09:18","slug":"windows-11-microsoft-plant-offenbar-neues-startmenue-mit-mehr-optionen","status":"publish","type":"post","link":"https:\/\/www.europesays.com\/de\/956602\/","title":{"rendered":"Windows 11: Microsoft plant offenbar neues Startmen\u00fc mit mehr Optionen"},"content":{"rendered":"<p>Mehr Kontrolle f\u00fcr Nutzer <\/p>\n<p>Bericht: Microsoft plant neues Windows-Startmen\u00fc<\/p>\n<p>18.04.2026 &#8211; 16:07 UhrLesedauer: 2 Min.<\/p>\n<p><a href=\"#focus-0\" class=\"transition-colors duration-200 block text-current relative\" data-sctrack=\"FocusGalleryImage.Reference\"><img fetchpriority=\"high\" data-testid=\"Opener.Image\" style=\"--lqipURL:url('https:\/\/images.t-online.de\/2026\/04\/7JKU3u0jFQTk\/445x589:3455x1944\/fit-in\/150x0\/filters:blur(25)\/image.jpg')\"   loading=\"eager\" src=\"https:\/\/www.europesays.com\/de\/wp-content\/uploads\/2026\/04\/1776571758_731_image.jpg\" alt=\"Windows 11 Desktop with logo on the screen laptop computer with mouse on black textured wall with blue light.\" title=\"Windows 11 Desktop with logo on the screen laptop computer with mouse on black textured wall with blue light.\" width=\"3455\" height=\"1944\" class=\"bg-[url:var(--lqipURL)] bg-cover bg-center flex h-full w-full max-w-full\" decoding=\"async\"\/><img style=\"--width:32;--height:32\" loading=\"lazy\" src=\"https:\/\/www.t-online.de\/s\/paper\/_next\/static\/media\/zoom-in.f7dae02f.svg\" alt=\"Vergr\u00f6\u00dfern des Bildes\" title=\"Vergr\u00f6\u00dfern des Bildes\" class=\"block h-[calc(var(--height)_\/_16_*_1rem)] w-[calc(var(--width)_\/_16_*_1rem)] max-w-none absolute bottom-8 right-8 rounded-4 bg-snow p-8\" decoding=\"async\"\/><\/a><\/p>\n<p>Windows 11: Im neuen Startmen\u00fc k\u00f6nnen Nutzer wohl nicht gew\u00fcnschte Inhalte ausblenden. (Quelle: Pond5 Images\/imago)<\/p>\n<p class=\"font-bold text-18 leading-17 user-text-lg:text-22 user-text-xl:text-24\">Microsoft arbeitet wohl an einem grundlegend \u00fcberarbeiteten Startmen\u00fc f\u00fcr Windows 11. Nutzer sollen mehr Kontrolle \u00fcber Gr\u00f6\u00dfe und Inhalte bekommen.<\/p>\n<p class=\"text-18 leading-17 user-text-lg:text-22 user-text-xl:text-24\"><a class=\"transition-colors duration-200 cursor-pointer text-inherit no-underline text-salemsfur md:hover:text-magenta md:hover:border-magenta md:focus:text-magenta border-current border-b border-solid break-words\" data-tracking=\"{&quot;action&quot;:&quot;click&quot;,&quot;category&quot;:&quot;intextLink&quot;,&quot;label&quot;:&quot;\/finanzen\/boerse\/aktien\/microsoft-aktie\/us5949181045\/&quot;}\" href=\"https:\/\/www.t-online.de\/finanzen\/boerse\/aktien\/microsoft-aktie\/us5949181045\/\" data-sctrack=\"BodyAnchor\" rel=\"nofollow noopener\" target=\"_blank\">Microsoft<\/a> hat offenbar mit der Arbeit an einer grundlegend \u00fcberarbeiteten Version des Startmen\u00fcs f\u00fcr Windows 11 begonnen. Nutzer sollen demnach k\u00fcnftig deutlich mehr Einfluss darauf nehmen k\u00f6nnen, wie das Men\u00fc aussieht und welche Inhalte es zeigt. Das berichtet das US-Portal &#8222;Windows Central&#8220; unter Berufung auf interne Dokumente und mit den Pl\u00e4nen vertraute Personen.<\/p>\n<p class=\"text-18 leading-17 user-text-lg:text-22 user-text-xl:text-24\">Das neue Startmen\u00fc soll dem Bericht nach optisch der bisherigen Variante \u00e4hneln, aber zus\u00e4tzliche Einstellungen bieten. Anwender sollen in den Systemeinstellungen einzelne Bereiche per Schalter ausblenden k\u00f6nnen. Dazu z\u00e4hlten der Bereich mit empfohlenen Inhalten, die angehefteten Programme sowie die Liste aller installierten Anwendungen.<\/p>\n<p class=\"text-18 leading-17 user-text-lg:text-22 user-text-xl:text-24\">Auch die Gr\u00f6\u00dfe des Men\u00fcs soll sich manuell festlegen lassen. Bislang entscheidet Windows 11 anhand der Bildschirmgr\u00f6\u00dfe automatisch, ob die kompakte oder die erweiterte Darstellung erscheint. K\u00fcnftig sollen Nutzer selbst zwischen beiden Layouts w\u00e4hlen k\u00f6nnen.<\/p>\n<p class=\"text-18 leading-17 user-text-lg:text-22 user-text-xl:text-24\">Ein weiterer Schwerpunkt der Entwicklung liegt laut &#8222;Windows Central&#8220; auf der Geschwindigkeit. Das aktuelle Startmen\u00fc brauche bei stark ausgelastetem Prozessor mitunter mehrere Sekunden, bis es erscheine. Auch die Suche im Men\u00fc reagiere unter Last tr\u00e4ge.<\/p>\n<p class=\"text-18 leading-17 user-text-lg:text-22 user-text-xl:text-24\">Wer direkt nach dem \u00d6ffnen mit der Eingabe beginne, riskiere, dass einzelne Tastendr\u00fccke verloren gehen. Die neue Version soll dieses Problem beheben. Sie soll auch bei hoher Systemlast unmittelbar reagieren und Eingaben in der Suche zuverl\u00e4ssig aufnehmen.<\/p>\n<p class=\"text-18 leading-17 user-text-lg:text-22 user-text-xl:text-24\">Wann das \u00fcberarbeitete Startmen\u00fc f\u00fcr alle Nutzer erscheint, ist nicht bekannt. Microsoft hat sich zu den Pl\u00e4nen bislang nicht offiziell ge\u00e4u\u00dfert. Vor einer breiten Verteilung d\u00fcrfte die neue Version zun\u00e4chst in den Vorabversionen f\u00fcr Mitglieder des Windows-Insider-Programms auftauchen.<\/p>\n","protected":false},"excerpt":{"rendered":"Mehr Kontrolle f\u00fcr Nutzer Bericht: Microsoft plant neues Windows-Startmen\u00fc 18.04.2026 &#8211; 16:07 UhrLesedauer: 2 Min. Windows 11: Im&hellip;\n","protected":false},"author":2,"featured_media":956603,"comment_status":"","ping_status":"","sticky":false,"template":"","format":"standard","meta":{"footnotes":"","_share_on_mastodon":"0"},"categories":[135],"tags":[522,29,30,199,190,189,180350,194,191,202,203,193,192],"class_list":["post-956602","post","type-post","status-publish","format-standard","has-post-thumbnail","category-wissenschaft-technik","tag-522","tag-deutschland","tag-germany","tag-microsoft","tag-science","tag-science-technology","tag-startmenue","tag-technik","tag-technology","tag-windows","tag-windows-11","tag-wissenschaft","tag-wissenschaft-technik"],"share_on_mastodon":{"url":"https:\/\/pubeurope.com\/@de\/116429415074611426","error":""},"_links":{"self":[{"href":"https:\/\/www.europesays.com\/de\/wp-json\/wp\/v2\/posts\/956602","targetHints":{"allow":["GET"]}}],"collection":[{"href":"https:\/\/www.europesays.com\/de\/wp-json\/wp\/v2\/posts"}],"about":[{"href":"https:\/\/www.europesays.com\/de\/wp-json\/wp\/v2\/types\/post"}],"author":[{"embeddable":true,"href":"https:\/\/www.europesays.com\/de\/wp-json\/wp\/v2\/users\/2"}],"replies":[{"embeddable":true,"href":"https:\/\/www.europesays.com\/de\/wp-json\/wp\/v2\/comments?post=956602"}],"version-history":[{"count":0,"href":"https:\/\/www.europesays.com\/de\/wp-json\/wp\/v2\/posts\/956602\/revisions"}],"wp:featuredmedia":[{"embeddable":true,"href":"https:\/\/www.europesays.com\/de\/wp-json\/wp\/v2\/media\/956603"}],"wp:attachment":[{"href":"https:\/\/www.europesays.com\/de\/wp-json\/wp\/v2\/media?parent=956602"}],"wp:term":[{"taxonomy":"category","embeddable":true,"href":"https:\/\/www.europesays.com\/de\/wp-json\/wp\/v2\/categories?post=956602"},{"taxonomy":"post_tag","embeddable":true,"href":"https:\/\/www.europesays.com\/de\/wp-json\/wp\/v2\/tags?post=956602"}],"curies":[{"name":"wp","href":"https:\/\/api.w.org\/{rel}","templated":true}]}}