{"id":956680,"date":"2026-04-19T04:58:19","date_gmt":"2026-04-19T04:58:19","guid":{"rendered":"https:\/\/www.europesays.com\/de\/956680\/"},"modified":"2026-04-19T04:58:19","modified_gmt":"2026-04-19T04:58:19","slug":"dresden-orchestral-manoeuvres-in-the-dark-geben-konzert-in-junge-garde","status":"publish","type":"post","link":"https:\/\/www.europesays.com\/de\/956680\/","title":{"rendered":"Dresden: Orchestral Manoeuvres in the Dark geben Konzert in Junge Garde"},"content":{"rendered":"<p>Synthpop-Pioniere live <\/p>\n<p>Kultband gibt Konzert in Dresden<\/p>\n<p>19.04.2026 &#8211; 04:52 UhrLesedauer: 1 Min.<\/p>\n<p><a href=\"#focus-0\" class=\"transition-colors duration-200 block text-current relative\" data-sctrack=\"FocusGalleryImage.Reference\"><img fetchpriority=\"high\" data-testid=\"Opener.Image\" style=\"--lqipURL:url('https:\/\/images.t-online.de\/2026\/04\/iSnOfrm-ZFBB\/0x273:4000x2250\/fit-in\/150x0\/filters:blur(25)\/orchestral-manoeuvres-in-the-dark-bei-einem-auftritt-in-london-archivbild.jpg')\"   loading=\"eager\" src=\"https:\/\/www.europesays.com\/de\/wp-content\/uploads\/2026\/04\/orchestral-manoeuvres-in-the-dark-bei-einem-auftritt-in-london-archivbild.jpg\" alt=\"Orchestral Manoeuvres in The Dark bei einem Auftritt in London (Archivbild):\" title=\"Orchestral Manoeuvres in The Dark bei einem Auftritt in London (Archivbild):\" width=\"4000\" height=\"2250\" class=\"bg-[url:var(--lqipURL)] bg-cover bg-center flex h-full w-full max-w-full\" decoding=\"async\"\/><img style=\"--width:32;--height:32\" loading=\"lazy\" src=\"https:\/\/www.t-online.de\/s\/paper\/_next\/static\/media\/zoom-in.f7dae02f.svg\" alt=\"Vergr\u00f6\u00dfern des Bildes\" title=\"Vergr\u00f6\u00dfern des Bildes\" class=\"block h-[calc(var(--height)_\/_16_*_1rem)] w-[calc(var(--width)_\/_16_*_1rem)] max-w-none absolute bottom-8 right-8 rounded-4 bg-snow p-8\" decoding=\"async\"\/><\/a><\/p>\n<p>Orchestral Manoeuvres in The Dark bei einem Auftritt in London (Archivbild): Dresden ist eine von neun Stationen der &#8222;Summer of Hits&#8220;-Tour. (Quelle: IMAGO\/Martin Harris\/Capital Pictures)<\/p>\n<p class=\"font-bold text-18 leading-17 user-text-lg:text-22 user-text-xl:text-24\">Millionen von verkauften Tontr\u00e4gern, Hits wie &#8222;Enola Gay&#8220; und &#8222;Maid of Orleans&#8220;: OMD geben im August ein Konzert in Sachsen.<\/p>\n<p class=\"text-18 leading-17 user-text-lg:text-22 user-text-xl:text-24\">Orchestral Manoeuvres in the Dark kommen nach Dresden. Das Konzert am 20. August auf der Freilichtb\u00fchne Junge Garde ist allerdings bereits ausverkauft. Einlass ist um 18 Uhr, Beginn um 19 Uhr.<\/p>\n<p class=\"text-18 leading-17 user-text-lg:text-22 user-text-xl:text-24\">Die britische Band z\u00e4hlt zu den Pionieren des Synthpop. Seit ihrer Gr\u00fcndung 1978 verbinden OMD experimentelle Elektronik mit eing\u00e4ngigen Popmelodien. Songs wie &#8222;Enola Gay&#8220;, &#8222;Souvenir&#8220; oder &#8222;If You Leave&#8220; machten sie weltweit bekannt.<\/p>\n<p class=\"text-18 leading-17 user-text-lg:text-22 user-text-xl:text-24\">Dresden ist eine von neun Stationen der &#8222;Summer of Hits&#8220;-Tour. Im Gep\u00e4ck: die gro\u00dfen Klassiker und Songs vom aktuellen Album &#8222;Bauhaus Staircase&#8220; aus dem Jahr 2023. 2024 f\u00fcllte die Band die Londoner O2 Arena.<\/p>\n","protected":false},"excerpt":{"rendered":"Synthpop-Pioniere live Kultband gibt Konzert in Dresden 19.04.2026 &#8211; 04:52 UhrLesedauer: 1 Min. Orchestral Manoeuvres in The Dark&hellip;\n","protected":false},"author":2,"featured_media":956681,"comment_status":"","ping_status":"","sticky":false,"template":"","format":"standard","meta":{"footnotes":"","_share_on_mastodon":"0"},"categories":[1835],"tags":[722,3364,29,2386,208046,30,43687,4036,208045,143500,859,116055],"class_list":["post-956680","post","type-post","status-publish","format-standard","has-post-thumbnail","category-dresden","tag-722","tag-de","tag-deutschland","tag-dresden","tag-enola-gay","tag-germany","tag-kultband","tag-london","tag-manoeuvre","tag-omd","tag-sachsen","tag-tontraeger"],"share_on_mastodon":{"url":"https:\/\/pubeurope.com\/@de\/116429606497264543","error":""},"_links":{"self":[{"href":"https:\/\/www.europesays.com\/de\/wp-json\/wp\/v2\/posts\/956680","targetHints":{"allow":["GET"]}}],"collection":[{"href":"https:\/\/www.europesays.com\/de\/wp-json\/wp\/v2\/posts"}],"about":[{"href":"https:\/\/www.europesays.com\/de\/wp-json\/wp\/v2\/types\/post"}],"author":[{"embeddable":true,"href":"https:\/\/www.europesays.com\/de\/wp-json\/wp\/v2\/users\/2"}],"replies":[{"embeddable":true,"href":"https:\/\/www.europesays.com\/de\/wp-json\/wp\/v2\/comments?post=956680"}],"version-history":[{"count":0,"href":"https:\/\/www.europesays.com\/de\/wp-json\/wp\/v2\/posts\/956680\/revisions"}],"wp:featuredmedia":[{"embeddable":true,"href":"https:\/\/www.europesays.com\/de\/wp-json\/wp\/v2\/media\/956681"}],"wp:attachment":[{"href":"https:\/\/www.europesays.com\/de\/wp-json\/wp\/v2\/media?parent=956680"}],"wp:term":[{"taxonomy":"category","embeddable":true,"href":"https:\/\/www.europesays.com\/de\/wp-json\/wp\/v2\/categories?post=956680"},{"taxonomy":"post_tag","embeddable":true,"href":"https:\/\/www.europesays.com\/de\/wp-json\/wp\/v2\/tags?post=956680"}],"curies":[{"name":"wp","href":"https:\/\/api.w.org\/{rel}","templated":true}]}}