{"id":956959,"date":"2026-04-19T08:05:17","date_gmt":"2026-04-19T08:05:17","guid":{"rendered":"https:\/\/www.europesays.com\/de\/956959\/"},"modified":"2026-04-19T08:05:17","modified_gmt":"2026-04-19T08:05:17","slug":"niklas-suele-verletzt-sich-und-verursacht-einen-elfmeter-in-seinem-womoeglich-letztem-spiel-fuer-den-bvb-die-tragische-schlusspointe-eines-verkorksten-wechsels","status":"publish","type":"post","link":"https:\/\/www.europesays.com\/de\/956959\/","title":{"rendered":"Niklas S\u00fcle verletzt sich und verursacht einen Elfmeter in seinem wom\u00f6glich letztem Spiel f\u00fcr den BVB: Die tragische Schlusspointe eines verkorksten Wechsels"},"content":{"rendered":"<p>Niklas S\u00fcle war auch zum BVB gewechselt, um dem FC Bayern eins auszuwischen und es dem Rekordmeister zu zeigen. Vier Jahre sp\u00e4ter endet seine Zeit in Dortmund unfassbar bitter und mit einer Szene, die sinnbildlich steht. Dabei hat S\u00fcle durchaus auch andere Bilder produziert. <\/p>\n<p>Soll noch jemand sagen, Niko Kovac h\u00e4tte keinen Sinn f\u00fcr (Fu\u00dfball)-Romantik. Der Trainer von Borussia Dortmund hatte sich das sch\u00f6n ausgemalt. Erstmals seit dem 7. Februar 2026, einem 2:1 beim VfL Wolfsburg, beorderte Niko Kovac Niklas S\u00fcle beim Gastspiel bei der TSG Hoffenheim wieder mal in die Startelf des BVB. Bei der TSG hatte S\u00fcle einst im Jahr 2013 seine Profilaufbahn gestartet und war sp\u00e4ter auch zum ersten DFB-Nationalspieler der Kraichgauer geworden. &#8222;Nat\u00fcrlich ist es immer sch\u00f6n, wenn man bei seinen alten Klubs spielt. Das war auch meine Intention bei Niki&#8220;, sagte Kovac <a href=\"https:\/\/www.spox.com\/fussball\/listen\/bvb-noten-und-einzelkritiken-von-borussia-dortmund-beim-1-2-bei-der-tsg-hoffenheim-dreimal-die-fuenf-und-ein-drama-um-niklas-suele-fuer-schlapp-aus-der-saison-trudelnde-dortmunder\/blt548e3e1bd889b57d\" rel=\"nofollow noopener\" data-affiliate-type=\"NONE\" target=\"_blank\">im Anschluss an dieses 1:2, der zweiten Niederlage<\/a> des BVB in Serie in der Bundesliga, das wegen einer \u00e4u\u00dferst ungl\u00fccklichen Verkettung unsch\u00f6ner Umst\u00e4nde das letzte Spiel S\u00fcles im BVB-Trikot werden k\u00f6nnte.<\/p>\n","protected":false},"excerpt":{"rendered":"Niklas S\u00fcle war auch zum BVB gewechselt, um dem FC Bayern eins auszuwischen und es dem Rekordmeister zu&hellip;\n","protected":false},"author":2,"featured_media":956960,"comment_status":"","ping_status":"","sticky":false,"template":"","format":"standard","meta":{"footnotes":"","_share_on_mastodon":"0"},"categories":[1833],"tags":[888,299,3364,29,217,2033,347,30,8844,28215,116561,24087,1209,4604],"class_list":["post-956959","post","type-post","status-publish","format-standard","has-post-thumbnail","category-dortmund","tag-borussia-dortmund","tag-bundesliga","tag-de","tag-deutschland","tag-dortmund","tag-features","tag-fussball","tag-germany","tag-hoffenheim","tag-hoffenheim-vs-borussia-dortmund","tag-n-suele","tag-niklas-suele","tag-nordrhein-westfalen","tag-soccer"],"share_on_mastodon":{"url":"https:\/\/pubeurope.com\/@de\/116430341937918250","error":""},"_links":{"self":[{"href":"https:\/\/www.europesays.com\/de\/wp-json\/wp\/v2\/posts\/956959","targetHints":{"allow":["GET"]}}],"collection":[{"href":"https:\/\/www.europesays.com\/de\/wp-json\/wp\/v2\/posts"}],"about":[{"href":"https:\/\/www.europesays.com\/de\/wp-json\/wp\/v2\/types\/post"}],"author":[{"embeddable":true,"href":"https:\/\/www.europesays.com\/de\/wp-json\/wp\/v2\/users\/2"}],"replies":[{"embeddable":true,"href":"https:\/\/www.europesays.com\/de\/wp-json\/wp\/v2\/comments?post=956959"}],"version-history":[{"count":0,"href":"https:\/\/www.europesays.com\/de\/wp-json\/wp\/v2\/posts\/956959\/revisions"}],"wp:featuredmedia":[{"embeddable":true,"href":"https:\/\/www.europesays.com\/de\/wp-json\/wp\/v2\/media\/956960"}],"wp:attachment":[{"href":"https:\/\/www.europesays.com\/de\/wp-json\/wp\/v2\/media?parent=956959"}],"wp:term":[{"taxonomy":"category","embeddable":true,"href":"https:\/\/www.europesays.com\/de\/wp-json\/wp\/v2\/categories?post=956959"},{"taxonomy":"post_tag","embeddable":true,"href":"https:\/\/www.europesays.com\/de\/wp-json\/wp\/v2\/tags?post=956959"}],"curies":[{"name":"wp","href":"https:\/\/api.w.org\/{rel}","templated":true}]}}