{"id":957100,"date":"2026-04-19T09:28:25","date_gmt":"2026-04-19T09:28:25","guid":{"rendered":"https:\/\/www.europesays.com\/de\/957100\/"},"modified":"2026-04-19T09:28:25","modified_gmt":"2026-04-19T09:28:25","slug":"angebranntes-essen-sorgt-in-amberg-fuer-feuerwehreinsatz","status":"publish","type":"post","link":"https:\/\/www.europesays.com\/de\/957100\/","title":{"rendered":"Angebranntes Essen sorgt in Amberg f\u00fcr Feuerwehreinsatz"},"content":{"rendered":"<p>In Amberg ist am sp\u00e4ten Freitagabend die Feuerwehr ausger\u00fcckt. Im Haus einer 86-j\u00e4hrigen Frau war Essen angebrannt.<\/p>\n<p><a href=\"https:\/\/www.onetz.de\/f\/ic\/ga-large\/articlemedia\/2026\/04\/19\/39e9c79b-a4c6-41a6-a14d-0067cb064b75.jpg\" class=\"ps-item\" data-psg=\"https:\/\/www.onetz.de\/oberpfalz\/amberg\/1\" data-size=\"960x608\" data-caption=\"&lt;div&gt;Symbolbild: Marijan Murat\/dpa&lt;\/div&gt;In Amberg r\u00fcckte am Samstagabend die Feuerwehr aus, nachdem in einem Haus Essen angebrannt war.\" rel=\"nofollow noopener\" target=\"_blank\"><img loading=\"lazy\" decoding=\"async\" src=\"https:\/\/www.europesays.com\/de\/wp-content\/uploads\/2026\/04\/39e9c79b-a4c6-41a6-a14d-0067cb064b75.jpg\" alt=\"In Amberg r\u00fcckte am Samstagabend die Feuerwehr aus, nachdem in einem Haus Essen angebrannt war. Symbolbild: Marijan Murat\/dpa\" title=\"\" width=\"805\" height=\"453\" class=\"img-responsive\"\/><\/a><\/p>\n<p>In Amberg r\u00fcckte am Samstagabend die Feuerwehr aus, nachdem in einem Haus Essen angebrannt war.<\/p>\n<p>Symbolbild: Marijan Murat\/dpa<\/p>\n<p>Einen Feuerwehreinsatz gab es am Freitagabend gegen 22.30 Uhr in der Bayreuther Stra\u00dfe in Amberg. Laut Polizei hatte die 86-j\u00e4hrige Besitzerin eines Hauses Essen auf dem eingeschalteten Herd vergessen. Aufgrund der Rauchentwicklung seien die Feuerwehren Amberg und Ammersricht alarmiert worden. <\/p>\n<p>Die Frau musste aufgrund einer Rauchgasintoxikation ins Krankenhaus gebracht werden, wie es weiter hei\u00dft. Ein Sachschaden am Geb\u00e4ude sei nicht entstanden.<\/p>\n","protected":false},"excerpt":{"rendered":"In Amberg ist am sp\u00e4ten Freitagabend die Feuerwehr ausger\u00fcckt. Im Haus einer 86-j\u00e4hrigen Frau war Essen angebrannt. In&hellip;\n","protected":false},"author":2,"featured_media":957101,"comment_status":"","ping_status":"","sticky":false,"template":"","format":"standard","meta":{"footnotes":"","_share_on_mastodon":"0"},"categories":[1834],"tags":[38025,3364,29,3688,30,2205,1209,121,13027],"class_list":["post-957100","post","type-post","status-publish","format-standard","has-post-thumbnail","category-essen","tag-amberg","tag-de","tag-deutschland","tag-essen","tag-germany","tag-landkreis-amberg-sulzbach","tag-nordrhein-westfalen","tag-polizei","tag-region-amberg"],"share_on_mastodon":{"url":"https:\/\/pubeurope.com\/@de\/116430668214168042","error":""},"_links":{"self":[{"href":"https:\/\/www.europesays.com\/de\/wp-json\/wp\/v2\/posts\/957100","targetHints":{"allow":["GET"]}}],"collection":[{"href":"https:\/\/www.europesays.com\/de\/wp-json\/wp\/v2\/posts"}],"about":[{"href":"https:\/\/www.europesays.com\/de\/wp-json\/wp\/v2\/types\/post"}],"author":[{"embeddable":true,"href":"https:\/\/www.europesays.com\/de\/wp-json\/wp\/v2\/users\/2"}],"replies":[{"embeddable":true,"href":"https:\/\/www.europesays.com\/de\/wp-json\/wp\/v2\/comments?post=957100"}],"version-history":[{"count":0,"href":"https:\/\/www.europesays.com\/de\/wp-json\/wp\/v2\/posts\/957100\/revisions"}],"wp:featuredmedia":[{"embeddable":true,"href":"https:\/\/www.europesays.com\/de\/wp-json\/wp\/v2\/media\/957101"}],"wp:attachment":[{"href":"https:\/\/www.europesays.com\/de\/wp-json\/wp\/v2\/media?parent=957100"}],"wp:term":[{"taxonomy":"category","embeddable":true,"href":"https:\/\/www.europesays.com\/de\/wp-json\/wp\/v2\/categories?post=957100"},{"taxonomy":"post_tag","embeddable":true,"href":"https:\/\/www.europesays.com\/de\/wp-json\/wp\/v2\/tags?post=957100"}],"curies":[{"name":"wp","href":"https:\/\/api.w.org\/{rel}","templated":true}]}}