{"id":957195,"date":"2026-04-19T10:23:32","date_gmt":"2026-04-19T10:23:32","guid":{"rendered":"https:\/\/www.europesays.com\/de\/957195\/"},"modified":"2026-04-19T10:23:32","modified_gmt":"2026-04-19T10:23:32","slug":"mense-eroeffnet-neues-vw-autohaus-in-guetersloh","status":"publish","type":"post","link":"https:\/\/www.europesays.com\/de\/957195\/","title":{"rendered":"Mense er\u00f6ffnet neues VW-Autohaus in G\u00fctersloh"},"content":{"rendered":"<p>Der Unternehmer Matthias Mense er\u00f6ffnet sein neues VW-Autohaus am H\u00fcttenbrink in G\u00fctersloh am Sonntag, 19. April.\u00a0<\/p>\n<p>G\u00fctersloh (cabo) &#8211; Gro\u00df, gr\u00f6\u00dfer \u2013 Mense: Nach etwas mehr als einj\u00e4hriger Bauzeit steht am Sonntag, 19. April, die Neuer\u00f6ffnung am H\u00fcttenbrink 204 an. Inhaber und Bauherr Matthias Mense (62) l\u00e4dt mit Team zum Tag der offenen T\u00fcr in sein neues VW-Autohaus ein. Eine Party f\u00fcr geladene G\u00e4ste steigt\u2026<\/p>\n<p>            <img decoding=\"async\" src=\"https:\/\/www.die-glocke.de\/typo3conf\/ext\/bo_dieglocke_template\/Resources\/Public\/Images\/logo\/glocke_plus_icon.svg\" class=\"pwTopImage\" alt=\"Glocke Plus\"\/><\/p>\n<p>                Glocke Plus Artikel<\/p>\n<p class=\"card-text equal-height text-center\" data-equalheightgroup=\"1\">\n                Jetzt weiterlesen mit G+ Abo, Angebot ausw\u00e4hlen oder anmelden.\n            <\/p>\n<tr>\n<tr>\n<td class=\"w-25px p-1\">\n<\/td>\n<td class=\"p-1\">\n                                            79,00 \u20ac (ab dem 13. Monat zzt. 7,90 \u20ac mtl.)&#13;<\/p>\n<\/td>\n<\/tr>\n<tr>\n<td class=\"w-25px p-1\">\n<\/td>\n<td class=\"p-1\">\n                                            Mindestlaufzeit 12 Monate&#13;<\/p>\n<\/td>\n<\/tr>\n<tr>\n<td class=\"w-25px p-1\">\n<\/td>\n<td class=\"p-1\">\n                                            nach 12 Monaten monatlich k\u00fcndbar<\/p>\n<\/td>\n<\/tr>\n<\/tr>\n<p>\n                    79,00 \u20ac f\u00fcr 12 Monate\n                <\/p>\n<p>                        <a class=\"paywall_order_btn-668975\" href=\"https:\/\/www.die-glocke.de\/abo\/abo-shop\/digital\/digital-plus\/g-plus-jahresabo?upscore_object_id=6ac092d3-fad3-40e8-9fef-6f1c12ee2854-Portal&amp;upscore_offer_id=&amp;upscore_click_id=&amp;upscore_object_url=https%3A%2F%2Fwww.die-glocke.de%2Fkreis-guetersloh%2Fguetersloh%2Fartikel%2Fmense-eroeffnet-neues-vw-autohaus-in-guetersloh-1776592232\" rel=\"nofollow noopener\" target=\"_blank\"><\/p>\n<p>                                Jetzt bestellen<\/p>\n<p>                        <\/a><\/p>\n<tr>\n<tr>\n<td class=\"w-25px p-1\">\n<\/td>\n<td class=\"p-1\">\n                                            Alle Plus-Artikel auf www.die-glocke.de lesen&#13;<\/p>\n<\/td>\n<\/tr>\n<tr>\n<td class=\"w-25px p-1\">\n<\/td>\n<td class=\"p-1\">\n                                            f\u00fcr 0,99 \u20ac im ersten Monat testen&#13;<\/p>\n<\/td>\n<\/tr>\n<tr>\n<td class=\"w-25px p-1\">\n<\/td>\n<td class=\"p-1\">\n                                            Danach 7,90 \u20ac mtl.&#13;<\/p>\n<\/td>\n<\/tr>\n<tr>\n<td class=\"w-25px p-1\">\n<\/td>\n<td class=\"p-1\">\n                                            Monatlich k\u00fcndbar<\/p>\n<\/td>\n<\/tr>\n<\/tr>\n<p>\n                    0,99 \u20ac im 1. Monat\n                <\/p>\n<p>                        <a class=\"paywall_order_btn-668975\" href=\"https:\/\/www.die-glocke.de\/abo\/abo-shop\/digital\/digital-plus\/g-plus-monatsabo?upscore_object_id=6ac092d3-fad3-40e8-9fef-6f1c12ee2854-Portal&amp;upscore_offer_id=&amp;upscore_click_id=&amp;upscore_object_url=https%3A%2F%2Fwww.die-glocke.de%2Fkreis-guetersloh%2Fguetersloh%2Fartikel%2Fmense-eroeffnet-neues-vw-autohaus-in-guetersloh-1776592232\" rel=\"nofollow noopener\" target=\"_blank\"><\/p>\n<p>                                Jetzt bestellen<\/p>\n<p>                        <\/a><\/p>\n<p>                        Bereits G+ Abonnent? Hier anmelden<\/p>\n<p>Texte und Fotos von die-glocke.de sind urheberrechtlich gesch\u00fctzt.<br \/>\n            Weiterverwendung nur mit Genehmigung der Chefredaktion.<\/p>\n","protected":false},"excerpt":{"rendered":"Der Unternehmer Matthias Mense er\u00f6ffnet sein neues VW-Autohaus am H\u00fcttenbrink in G\u00fctersloh am Sonntag, 19. April.\u00a0 G\u00fctersloh (cabo)&hellip;\n","protected":false},"author":2,"featured_media":957196,"comment_status":"","ping_status":"","sticky":false,"template":"","format":"standard","meta":{"footnotes":"","_share_on_mastodon":"0"},"categories":[1841],"tags":[4890,4694,1605,3364,29,27941,30,33130,135640,3893,1209,173],"class_list":["post-957195","post","type-post","status-publish","format-standard","has-post-thumbnail","category-bielefeld","tag-autohaus","tag-automobile","tag-bielefeld","tag-de","tag-deutschland","tag-firma","tag-germany","tag-haendler","tag-mense","tag-neueroeffnung","tag-nordrhein-westfalen","tag-unternehmen"],"share_on_mastodon":{"url":"https:\/\/pubeurope.com\/@de\/116430884497234377","error":""},"_links":{"self":[{"href":"https:\/\/www.europesays.com\/de\/wp-json\/wp\/v2\/posts\/957195","targetHints":{"allow":["GET"]}}],"collection":[{"href":"https:\/\/www.europesays.com\/de\/wp-json\/wp\/v2\/posts"}],"about":[{"href":"https:\/\/www.europesays.com\/de\/wp-json\/wp\/v2\/types\/post"}],"author":[{"embeddable":true,"href":"https:\/\/www.europesays.com\/de\/wp-json\/wp\/v2\/users\/2"}],"replies":[{"embeddable":true,"href":"https:\/\/www.europesays.com\/de\/wp-json\/wp\/v2\/comments?post=957195"}],"version-history":[{"count":0,"href":"https:\/\/www.europesays.com\/de\/wp-json\/wp\/v2\/posts\/957195\/revisions"}],"wp:featuredmedia":[{"embeddable":true,"href":"https:\/\/www.europesays.com\/de\/wp-json\/wp\/v2\/media\/957196"}],"wp:attachment":[{"href":"https:\/\/www.europesays.com\/de\/wp-json\/wp\/v2\/media?parent=957195"}],"wp:term":[{"taxonomy":"category","embeddable":true,"href":"https:\/\/www.europesays.com\/de\/wp-json\/wp\/v2\/categories?post=957195"},{"taxonomy":"post_tag","embeddable":true,"href":"https:\/\/www.europesays.com\/de\/wp-json\/wp\/v2\/tags?post=957195"}],"curies":[{"name":"wp","href":"https:\/\/api.w.org\/{rel}","templated":true}]}}