{"id":957199,"date":"2026-04-19T10:25:19","date_gmt":"2026-04-19T10:25:19","guid":{"rendered":"https:\/\/www.europesays.com\/de\/957199\/"},"modified":"2026-04-19T10:25:19","modified_gmt":"2026-04-19T10:25:19","slug":"schluesselregion-unternehmer-zu-gast-am-berufskolleg","status":"publish","type":"post","link":"https:\/\/www.europesays.com\/de\/957199\/","title":{"rendered":"Schl\u00fcsselregion: Unternehmer zu Gast am Berufskolleg"},"content":{"rendered":"<p class=\"text_ohne_einzug richtext text-em-55 !leading-serif mx-6 desktop:mx-0\"> F\u00fcr viele Teilnehmende des Schl\u00fcsselregion-Wirtschaftsfr\u00fchst\u00fccks war es ein Sprung in die Vergangenheit: Im H\u00f6rsaal und der Lounge wurden rund 90 Unternehmerinnen und Unternehmer noch einmal erinnert an ihre Zeit der Aus- oder Weiterbildung, f\u00fcr die viele auch am Berufskolleg Niederberg (BKN) in <a href=\"https:\/\/rp-online.de\/thema\/velbert\/\" rel=\"nofollow noopener\" target=\"_blank\">Velbert<\/a> waren.<\/p>\n<p class=\"richtext text-em-55 !leading-serif mx-6 desktop:mx-0\">Aktuell werden hier insgesamt 1800 Sch\u00fcler in 29 Vollzeit- und dualen Bildungsg\u00e4ngen auf ihren Abschluss und ihren Berufseinstieg vorbereitet. \u201eWir sind der gr\u00f6\u00dfte Player f\u00fcr berufliche <a href=\"https:\/\/rp-online.de\/thema\/bildung\/\" rel=\"nofollow noopener\" target=\"_blank\">Bildung<\/a> in der Region und damit arbeitsmarktpolitisch ein wertvoller Faktor\u201c, berichtete Schulleiter Frank Flanze bei der Veranstaltung.<\/p>\n<p class=\"richtext text-em-55 !leading-serif mx-6 desktop:mx-0\">Wie das Berufskolleg als digitale Schule mittlerweile aufgestellt ist und welche Praxiserfahrungen in der Aus- und Weiterbildung am BKN eine gro\u00dfe Rolle spielen, zeigte die F\u00fchrung durch die R\u00e4umlichkeiten: Im Sch\u00fclerlabor wurden VR-Brillen zur Berufsorientierung genutzt, in der Metallwerkstatt liefen CNC-Maschinen, im Elektrobereich wurden autonome Fahrzeuge mit nur einem Sensor programmiert und Auszubildende zum Kfz-Mechatroniker bereiteten in der KFZ-Abteilung an echten Autos eine Achsvermessung vor \u2013 selbstverst\u00e4ndlich auch an einem E-Fahrzeug.<\/p>\n<p class=\"richtext text-em-55 !leading-serif mx-6 desktop:mx-0\">\u201eWir freuen uns immer, wenn die Bude voll ist und wir zeigen k\u00f6nnen, was wir hier alles anbieten\u201c, freute sich Flanze \u00fcber das rege Interesse. Denn die Zusammenarbeit mit den Betrieben der Schl\u00fcsselregion und des Kreises <a href=\"https:\/\/rp-online.de\/thema\/mettmann\/\" rel=\"nofollow noopener\" target=\"_blank\">Mettmann<\/a> ist ein wesentlicher Bestandteil der Arbeit am BKN. Im Rahmen des Wirtschaftsfr\u00fchst\u00fccks f\u00fchrte zudem Stephan Joseph in seinem Fachvortrag aus, dass es sich bei der Umstellung auf die Qualit\u00e4tsmanagement-Norm ISO 9001:2026 eher um eine Evolution als um eine Revolution handelt und was Unternehmen beachten sollten, wenn sie sich mit der Rezertifizierung besch\u00e4ftigen \u2013 ein Thema, das viele Firmen der Schl\u00fcsselregion betrifft.<\/p>\n<p class=\"richtext text-em-55 !leading-serif mx-6 desktop:mx-0\">Hintergrund des Unternehmerfr\u00fchst\u00fccks, das seit Jahren als Standardtermin gepflegt wird: Die Schl\u00fcsselregion ist das industrielle Netzwerk der Region Velbert\/\u2009Heiligenhaus. Rund 230 Unternehmen nutzen den Verein als Kommunikationstreffpunkt, als kurzen Draht zu benachbarten Firmen, f\u00fcr Kooperationsprojekte und f\u00fcr das gemeinsame Engagement f\u00fcr den Fachkr\u00e4ftenachwuchs in der Region.<\/p>\n","protected":false},"excerpt":{"rendered":"F\u00fcr viele Teilnehmende des Schl\u00fcsselregion-Wirtschaftsfr\u00fchst\u00fccks war es ein Sprung in die Vergangenheit: Im H\u00f6rsaal und der Lounge wurden&hellip;\n","protected":false},"author":2,"featured_media":957200,"comment_status":"","ping_status":"","sticky":false,"template":"","format":"standard","meta":{"footnotes":"","_share_on_mastodon":"0"},"categories":[1840],"tags":[36909,752,208167,3364,29,208169,30,29704,15946,99178,1209,5399,208166,2556,208168,4418],"class_list":["post-957199","post","type-post","status-publish","format-standard","has-post-thumbnail","category-wuppertal","tag-berufskolleg","tag-bildung","tag-bkn","tag-de","tag-deutschland","tag-flanze","tag-germany","tag-kfz","tag-mettmann","tag-niederberg","tag-nordrhein-westfalen","tag-region","tag-schluesselregion","tag-weiterbildung","tag-wirtschaftsfruehstueck","tag-wuppertal"],"share_on_mastodon":{"url":"https:\/\/pubeurope.com\/@de\/116430892568106760","error":""},"_links":{"self":[{"href":"https:\/\/www.europesays.com\/de\/wp-json\/wp\/v2\/posts\/957199","targetHints":{"allow":["GET"]}}],"collection":[{"href":"https:\/\/www.europesays.com\/de\/wp-json\/wp\/v2\/posts"}],"about":[{"href":"https:\/\/www.europesays.com\/de\/wp-json\/wp\/v2\/types\/post"}],"author":[{"embeddable":true,"href":"https:\/\/www.europesays.com\/de\/wp-json\/wp\/v2\/users\/2"}],"replies":[{"embeddable":true,"href":"https:\/\/www.europesays.com\/de\/wp-json\/wp\/v2\/comments?post=957199"}],"version-history":[{"count":0,"href":"https:\/\/www.europesays.com\/de\/wp-json\/wp\/v2\/posts\/957199\/revisions"}],"wp:featuredmedia":[{"embeddable":true,"href":"https:\/\/www.europesays.com\/de\/wp-json\/wp\/v2\/media\/957200"}],"wp:attachment":[{"href":"https:\/\/www.europesays.com\/de\/wp-json\/wp\/v2\/media?parent=957199"}],"wp:term":[{"taxonomy":"category","embeddable":true,"href":"https:\/\/www.europesays.com\/de\/wp-json\/wp\/v2\/categories?post=957199"},{"taxonomy":"post_tag","embeddable":true,"href":"https:\/\/www.europesays.com\/de\/wp-json\/wp\/v2\/tags?post=957199"}],"curies":[{"name":"wp","href":"https:\/\/api.w.org\/{rel}","templated":true}]}}