{"id":957452,"date":"2026-04-19T13:06:18","date_gmt":"2026-04-19T13:06:18","guid":{"rendered":"https:\/\/www.europesays.com\/de\/957452\/"},"modified":"2026-04-19T13:06:18","modified_gmt":"2026-04-19T13:06:18","slug":"darts-michael-van-gerwen-greift-deutschen-profi-michael-unterbuchner-an-sport","status":"publish","type":"post","link":"https:\/\/www.europesays.com\/de\/957452\/","title":{"rendered":"Darts: Michael van Gerwen greift deutschen Profi Michael Unterbuchner an | Sport"},"content":{"rendered":"<p><a class=\"skip-content skip-content--link\" href=\"#in-content-skip-link-target-v-0-0\">TTS-Player \u00fcberspringen\u21b5<\/a><a id=\"in-content-skip-link-target-v-0-0\" class=\"skip-content--target-link-hidden skip-content skip-content--target-link\" href=\"#in-content-skip-link-target-v-0-0\">Artikel weiterlesen<\/a><\/p>\n<p><b>Da scheint einer keinen Spa\u00df zu verstehen. Beim European Darts Grand Prix in Sindelfingen gewinnt Michael van Gerwen (36) in der Runde der letzten 32 gegen Michael Unterbuchner (37) deutlich mit 6:2. Nach seinem Sieg l\u00e4sst sich der dreimalige <\/b><a href=\"https:\/\/www.bild.de\/sport\/mehr-sport\/darts\/startseite-darts-49279462.bild.html\" class=\"text-link\" rel=\"nofollow noopener\" target=\"_blank\"><b>Weltmeister<\/b><\/a><b> zu einer Tirade hinrei\u00dfen und bep\u00f6belt den deutschen <\/b><a href=\"https:\/\/www.bild.de\/themen\/specials\/darts\/sport-nachrichten-news-fotos-videos-29379886.bild.html\" class=\"text-link\" rel=\"nofollow noopener\" target=\"_blank\"><b>Darts<\/b><\/a><b>-Profi.<\/b><\/p>\n<p>Van Gerwen: \u201eEr ist einer von denen, die versuchen, witzig zu sein. Er hat mich noch nie in seinem Leben geschlagen und wird mich auch nie in seinem Leben schlagen. Er ist nicht gut genug, selbst mein B- und C-Spiel schl\u00e4gt ihn, aber wen interessiert das schon?\u201c<\/p>\n<p>Der Hintergrund: Nachdem sich Unterbuchner in der Auftakt-Runde gegen den Iren William O\u2018Connor durchgesetzt hatte, erlaubte sich der geb\u00fcrtige M\u00fcnchner auf Nachfrage zu seinem kommenden Gegner einen flapsigen Spruch und scherzte: \u201eMichael van Gerwen? Wer ist das? Nein, nein, nur Spa\u00df. Ich freue mich darauf.\u201c<\/p>\n<p>Van Gerwen bep\u00f6belt deutschen Darts-Profi<\/p>\n<p>Der Holl\u00e4nder fasste die Aussage jedoch nicht als Witz, sondern als Affront auf. Und zeterte nach dem Duell weiter: \u201eEr (Unterbuchner, d. Red.) ist auch nicht besonders clever. Ich bin dazu in der Lage; wenn man Profi ist, versucht man immer, den Wurf zu machen. Er wei\u00df nicht, wer ich bin. Wer bin ich? An dem Tag, an dem ich mir Gedanken \u00fcber Unterbuchner mache, h\u00f6re ich auf, Darts zu spielen.\u201c<\/p>\n<p><img decoding=\"async\" width=\"992\" height=\"558\" alt=\"Michael Unterbuchner (37) stand 2018 bei der BDO-WM, dem weiteren Darts-Verband neben der PDC, im Halbfinale\" src=\"https:\/\/www.europesays.com\/de\/wp-content\/uploads\/2026\/04\/4c5d7a0c0a14cbc201b0a2b3fe03a40a,f43e5e10.jpeg\"   class=\"landscape\" loading=\"lazy\"\/><\/p>\n<p class=\"fig__caption__text\">Michael Unterbuchner (37) stand 2018 bei der BDO-WM, dem weiteren Darts-Verband neben der PDC, im Halbfinale<\/p>\n<p>Foto: picture alliance\/Eibner-Pressefoto<\/p>\n<p>Eine eindeutige \u00dcberreaktion auf einen nicht ernst gemeinten Spruch. In Sindelfingen trifft der Weltranglistenvierte am Sonntag im Achtelfinale auf seinen Landsmann Jermaine Wattimena (38). Van Gerwen: \u201eIch kenne Jermaine schon sehr lange, seit wir Jugendspieler waren. Ehrlich gesagt hatte ich ihn immer im Griff. Er ist ein guter Spieler, derzeit gut in Form und spielt stark. Also muss ich sicherstellen, dass ich gut spiele.\u201c <\/p>\n<p>Beim Turnier in Baden-W\u00fcrttemberg konnte van Gerwen bereits zweimal (2016, 2018) gewinnen, stand zudem 2017 und 2020 noch im Endspiel.  <\/p>\n","protected":false},"excerpt":{"rendered":"TTS-Player \u00fcberspringen\u21b5Artikel weiterlesen Da scheint einer keinen Spa\u00df zu verstehen. Beim European Darts Grand Prix in Sindelfingen gewinnt&hellip;\n","protected":false},"author":2,"featured_media":957453,"comment_status":"","ping_status":"","sticky":false,"template":"","format":"standard","meta":{"footnotes":"","_share_on_mastodon":"0"},"categories":[136],"tags":[5500,3867,5498,5499,29,30,265,45,5501],"class_list":["post-957452","post","type-post","status-publish","format-standard","has-post-thumbnail","category-sport","tag-dart-sportler","tag-darts","tag-darts-ereignisse","tag-darts-wm","tag-deutschland","tag-germany","tag-sport","tag-texttospeech","tag-van-gerwen-michael"],"share_on_mastodon":{"url":"https:\/\/pubeurope.com\/@de\/116431525521777486","error":""},"_links":{"self":[{"href":"https:\/\/www.europesays.com\/de\/wp-json\/wp\/v2\/posts\/957452","targetHints":{"allow":["GET"]}}],"collection":[{"href":"https:\/\/www.europesays.com\/de\/wp-json\/wp\/v2\/posts"}],"about":[{"href":"https:\/\/www.europesays.com\/de\/wp-json\/wp\/v2\/types\/post"}],"author":[{"embeddable":true,"href":"https:\/\/www.europesays.com\/de\/wp-json\/wp\/v2\/users\/2"}],"replies":[{"embeddable":true,"href":"https:\/\/www.europesays.com\/de\/wp-json\/wp\/v2\/comments?post=957452"}],"version-history":[{"count":0,"href":"https:\/\/www.europesays.com\/de\/wp-json\/wp\/v2\/posts\/957452\/revisions"}],"wp:featuredmedia":[{"embeddable":true,"href":"https:\/\/www.europesays.com\/de\/wp-json\/wp\/v2\/media\/957453"}],"wp:attachment":[{"href":"https:\/\/www.europesays.com\/de\/wp-json\/wp\/v2\/media?parent=957452"}],"wp:term":[{"taxonomy":"category","embeddable":true,"href":"https:\/\/www.europesays.com\/de\/wp-json\/wp\/v2\/categories?post=957452"},{"taxonomy":"post_tag","embeddable":true,"href":"https:\/\/www.europesays.com\/de\/wp-json\/wp\/v2\/tags?post=957452"}],"curies":[{"name":"wp","href":"https:\/\/api.w.org\/{rel}","templated":true}]}}