{"id":957549,"date":"2026-04-19T14:10:18","date_gmt":"2026-04-19T14:10:18","guid":{"rendered":"https:\/\/www.europesays.com\/de\/957549\/"},"modified":"2026-04-19T14:10:18","modified_gmt":"2026-04-19T14:10:18","slug":"bremsen-rollen-kurven-fahren-wie-auch-erwachsene-das-zweirad-erobern","status":"publish","type":"post","link":"https:\/\/www.europesays.com\/de\/957549\/","title":{"rendered":"Bremsen, Rollen, Kurven fahren: Wie auch Erwachsene das Zweirad erobern"},"content":{"rendered":"<p>Skeptischer Vater nach Radunfall<\/p>\n<p class=\"text\">\n&#8222;Ich bin mitten in der Innenstadt aufgewachsen, am Sachsenplatz, da war einfach nicht Gelegenheit dazu&#8220;, berichtete Kathrin. &#8222;Mein Vater hatte als Kind einen schweren Fahrradunfall und da war er kritisch. Und ja, meine Eltern haben es irgendwie nicht erm\u00f6glicht.&#8220; Und jetzt ist Kathrin hier im Anf\u00e4nger-Kurs von Juliana Klengel, gemeinsam mit zwei weiteren Frauen und zwei M\u00e4nnern, darunter Zahra aus dem Iran, einer Brasilianerin und zwei Syrern.\n<\/p>\n<blockquote>\n<p class=\"text\">Mein Vater hatte als Kind einen schweren Fahrradunfall und da war er kritisch.<\/p>\n<p>Kathrin<br \/>\nFahrrad-Fahranf\u00e4ngerin aus Leipzig<\/p>\n<\/blockquote>\n<p>Auch Theorie wird beigebracht<\/p>\n<p class=\"text\">\nVor den Teilnehmenden stehen zun\u00e4chst Roller statt Fahrr\u00e4der. Denn zuerst geht es um das Gleichgewicht. Kursleiterin Juliana erkl\u00e4rt ruhig die Basics: Aufsteigen, bremsen, absteigen. Erst im Gehen, dann im Rollen. Schritt f\u00fcr Schritt. Denn Radfahren sei mehr als nur nicht umfallen. <\/p>\n<p>Zum sicheren Radfahren seien mehr F\u00e4higkeiten notwendig, als das Rad beim Fahren im Gleichgewicht zu halten, betont Klengel. &#8222;Dazu geh\u00f6ren Kurven fahren, anhalten, anfahren, rechts und links.&#8220; Und neben der Stra\u00dfenverkehrsordnung auch ein bisschen Theorie: &#8222;Welches Fahrrad passt? Wie pflegt man es?&#8220;\n<\/p>\n<blockquote>\n<p class=\"text\">Das Problem ist aber, dass zum sichern Radfahren viel mehr F\u00e4higkeiten notwendig sind.<\/p>\n<p>Juliana Klengel<br \/>\nFahrradcoach in Leipzig<\/p>\n<\/blockquote>\n<p class=\"text\">\nUnd Kathrin? Sie ist konzentriert, balanciert, bremst, steigt ab \u2013 und wieder auf. Immer mit einem Ziel vor Augen: &#8222;Na, ich w\u00fcrde erst mal im <a href=\"https:\/\/www.mdr.de\/kultur\/wgt\/viktorianisches-picknick-leipzig-clara-zetkin-park-120.html\" title=\"WGT 2025: Alle Infos zum Viktorianischen Picknick im Clara Park\" rel=\"nofollow noopener\" target=\"_blank\">Clara-Park<\/a> herumfahren und es dann mal im Urlaub an der Ostsee auf so geraden strecken probieren&#8220;, sagt die Leipzigerin. Wenn alles klappt, geht es f\u00fcr Kathrin und die anderen zum Kursabschluss in sechs Wochen auf die erste kleine Radtour. Dann hei\u00dft es: Nicht nur das Gleichgewicht gefunden, sondern auch ein St\u00fcck neue Freiheit.\n<\/p>\n<p>Auch Kurse f\u00fcr E-Bikes im Angebot<\/p>\n<p class=\"text\">\nDer ADFC Leipzig bietet weitere Kurse f\u00fcr Anf\u00e4nger ab 1. Juni f\u00fcr f\u00fcnf Wochen und einen Intensivkurs ab 5. September an vier Samstagen an. Unsichere k\u00f6nnen der ADFC-Website zufolge bei offenen Radfahrkursen ab 2. Mai und ab 5. September an je vier Samstagen auch das Fahren auf dem E-Bike trainieren.<\/p>\n","protected":false},"excerpt":{"rendered":"Skeptischer Vater nach Radunfall &#8222;Ich bin mitten in der Innenstadt aufgewachsen, am Sachsenplatz, da war einfach nicht Gelegenheit&hellip;\n","protected":false},"author":2,"featured_media":957550,"comment_status":"","ping_status":"","sticky":false,"template":"","format":"standard","meta":{"footnotes":"","_share_on_mastodon":"0"},"categories":[1832],"tags":[7380,208219,5238,20502,3364,23532,29,9210,12262,1234,30,10083,71,81,14,859],"class_list":["post-957549","post","type-post","status-publish","format-standard","has-post-thumbnail","category-leipzig","tag-adfc","tag-allgemeiner","tag-club","tag-coach","tag-de","tag-deutscher","tag-deutschland","tag-erwachsene","tag-faehren","tag-fahrrad","tag-germany","tag-kurs","tag-leipzig","tag-mdr","tag-nachrichten","tag-sachsen"],"share_on_mastodon":{"url":"https:\/\/pubeurope.com\/@de\/116431777311447763","error":""},"_links":{"self":[{"href":"https:\/\/www.europesays.com\/de\/wp-json\/wp\/v2\/posts\/957549","targetHints":{"allow":["GET"]}}],"collection":[{"href":"https:\/\/www.europesays.com\/de\/wp-json\/wp\/v2\/posts"}],"about":[{"href":"https:\/\/www.europesays.com\/de\/wp-json\/wp\/v2\/types\/post"}],"author":[{"embeddable":true,"href":"https:\/\/www.europesays.com\/de\/wp-json\/wp\/v2\/users\/2"}],"replies":[{"embeddable":true,"href":"https:\/\/www.europesays.com\/de\/wp-json\/wp\/v2\/comments?post=957549"}],"version-history":[{"count":0,"href":"https:\/\/www.europesays.com\/de\/wp-json\/wp\/v2\/posts\/957549\/revisions"}],"wp:featuredmedia":[{"embeddable":true,"href":"https:\/\/www.europesays.com\/de\/wp-json\/wp\/v2\/media\/957550"}],"wp:attachment":[{"href":"https:\/\/www.europesays.com\/de\/wp-json\/wp\/v2\/media?parent=957549"}],"wp:term":[{"taxonomy":"category","embeddable":true,"href":"https:\/\/www.europesays.com\/de\/wp-json\/wp\/v2\/categories?post=957549"},{"taxonomy":"post_tag","embeddable":true,"href":"https:\/\/www.europesays.com\/de\/wp-json\/wp\/v2\/tags?post=957549"}],"curies":[{"name":"wp","href":"https:\/\/api.w.org\/{rel}","templated":true}]}}