{"id":957600,"date":"2026-04-19T14:42:29","date_gmt":"2026-04-19T14:42:29","guid":{"rendered":"https:\/\/www.europesays.com\/de\/957600\/"},"modified":"2026-04-19T14:42:29","modified_gmt":"2026-04-19T14:42:29","slug":"sat-1-moderatorin-alina-merkau-ueberrumpelt-ehemann-mit-intimer-frage","status":"publish","type":"post","link":"https:\/\/www.europesays.com\/de\/957600\/","title":{"rendered":"Sat.1-Moderatorin Alina Merkau \u00fcberrumpelt Ehemann mit intimer Frage"},"content":{"rendered":"<p>&#8222;Ich liebe den Sex mit dir&#8220; <\/p>\n<p>TV-Moderatorin \u00fcberrumpelt Ehemann mit intimer Frage<\/p>\n<p>19.04.2026 &#8211; 13:43 UhrLesedauer: 2 Min.<\/p>\n<p><img style=\"--width:32;--height:32\" loading=\"lazy\" src=\"https:\/\/www.t-online.de\/s\/paper\/_next\/static\/media\/loading-indicator-magenta.1f35d8de.svg\" alt=\"Video l\u00e4dt\" title=\"Video l\u00e4dt\" class=\"block h-[calc(var(--height)_\/_16_*_1rem)] w-[calc(var(--width)_\/_16_*_1rem)] max-w-none undefined\" decoding=\"async\"\/>Player wird geladen<\/p>\n<p>Video: TV-Moderatorin beantwortet intime Frage (Quelle: Social Media)<\/p>\n<p class=\"font-bold text-18 leading-17 user-text-lg:text-22 user-text-xl:text-24\">Alina Merkau lebt seit August 2025 auf Ibiza. Mit ihrem Ehemann Rael Hoffmann nimmt sie dort einen Podcast auf \u2013 und wird dabei jetzt sehr privat.<\/p>\n<p class=\"text-18 leading-17 user-text-lg:text-22 user-text-xl:text-24\">Als <a class=\"transition-colors duration-200 cursor-pointer text-inherit no-underline text-salemsfur md:hover:text-magenta md:hover:border-magenta md:focus:text-magenta border-current border-b border-solid break-words\" data-tracking=\"{&quot;action&quot;:&quot;click&quot;,&quot;category&quot;:&quot;intextLink&quot;,&quot;label&quot;:&quot;\/themen\/alina-merkau\/&quot;}\" href=\"https:\/\/www.t-online.de\/themen\/alina-merkau\/\" data-sctrack=\"BodyAnchor\" rel=\"nofollow noopener\" target=\"_blank\">Alina Merkau<\/a> vergangenes Jahr bekanntgab, Deutschland zu verlassen, <a class=\"transition-colors duration-200 cursor-pointer text-inherit no-underline text-salemsfur md:hover:text-magenta md:hover:border-magenta md:focus:text-magenta border-current border-b border-solid break-words\" data-tracking=\"{&quot;action&quot;:&quot;click&quot;,&quot;category&quot;:&quot;intextLink&quot;,&quot;label&quot;:&quot;\/unterhaltung\/stars\/id_100883272\/sat-1-moderatorin-alina-merkau-kehrt-deutschland-den-ruecken.html&quot;}\" href=\"https:\/\/www.t-online.de\/unterhaltung\/stars\/id_100883272\/sat-1-moderatorin-alina-merkau-kehrt-deutschland-den-ruecken.html\" data-sctrack=\"BodyAnchor\" rel=\"nofollow noopener\" target=\"_blank\">war ihr gro\u00dfe Aufmerksamkeit sicher.<\/a> Die Sat.1-Moderatorin wolle f\u00fcr ein Jahr auswandern. Mit ihrem Mann und den gemeinsamen zwei Kindern zogen sie im August 2025 nach <a class=\"transition-colors duration-200 cursor-pointer text-inherit no-underline text-salemsfur md:hover:text-magenta md:hover:border-magenta md:focus:text-magenta border-current border-b border-solid break-words\" data-tracking=\"{&quot;action&quot;:&quot;click&quot;,&quot;category&quot;:&quot;intextLink&quot;,&quot;label&quot;:&quot;\/themen\/ibiza\/&quot;}\" href=\"https:\/\/www.t-online.de\/themen\/ibiza\/\" data-sctrack=\"BodyAnchor\" rel=\"nofollow noopener\" target=\"_blank\">Ibiza<\/a>. &#8222;Die Kinder werden da in die Schule und in die Kita gehen&#8220;, teilte Merkau damals \u00fcber ihren Instagram-Account mit.<\/p>\n<p class=\"text-18 leading-17 user-text-lg:text-22 user-text-xl:text-24\">Seitdem pausiert ihr Job beim &#8222;Sat.1 Fr\u00fchst\u00fccksfernsehen&#8220;. Vermutlich wird die Moderatorin dort fr\u00fchestens Ende des Jahres wieder vor der Kamera stehen. Stattdessen ist die 40-J\u00e4hrige seit September Podcasterin: Mit ihrem Mann hat sie das Gespr\u00e4chsformat &#8222;Out Of Office \u2013 Ein Jahr auf Ibiza mit Alina und Rael&#8220; ins Leben gerufen. Einmal w\u00f6chentlich sprechen sie dort \u00fcber ihr Leben im spanischen Ausland.<\/p>\n<p class=\"text-18 leading-17 user-text-lg:text-22 user-text-xl:text-24\">In der neuesten Ausgabe kommt das Ehepaar auf ein intimes Thema zu sprechen: das gemeinsame Sexleben. Alina Merkau fragt ihren Mann: &#8222;Nie wieder Sex oder nie wieder Handy?&#8220; Rael Hoffmann schaut \u2013 wie Sie im Video sehen k\u00f6nnen \u2013 komplett entgeistert und zeigt gro\u00dfes Unverst\u00e4ndnis daf\u00fcr, bei solch einer Frage \u00fcberhaupt nachdenken zu m\u00fcssen.<\/p>\n<p>Im Video | Alina Merkau spricht \u00fcber ihr Sexleben<\/p>\n<p><img style=\"--width:32;--height:32\" loading=\"lazy\" src=\"https:\/\/www.t-online.de\/s\/paper\/_next\/static\/media\/loading-indicator-magenta.1f35d8de.svg\" alt=\"Video l\u00e4dt\" title=\"Video l\u00e4dt\" class=\"block h-[calc(var(--height)_\/_16_*_1rem)] w-[calc(var(--width)_\/_16_*_1rem)] max-w-none undefined\" decoding=\"async\"\/>Player wird geladenQuelle: Social Media<\/p>\n<p class=\"text-18 leading-17 user-text-lg:text-22 user-text-xl:text-24\">&#8222;Das ist schon auch krass. Das w\u00fcrde ja auch unsere Existenz betreffen&#8220;, argumentiert Merkau und fragt ihren Mann dann: &#8222;Ist Sex nur rein oder ist auch alles andere drumherum dann weg?&#8220; Als dieser erkl\u00e4rt, es sei &#8222;alles, was sexuell ist&#8220; damit gemeint, also auch Z\u00e4rtlichkeiten, Vorspiel und andere Teile des Liebesakts, lenkt Merkau ein. Dann sagt sie auch: &#8222;Ich liebe den Sex mit dir.&#8220; Nur um danach mitzuteilen, dass sie nicht mehr weiter \u00fcber das Thema \u00f6ffentlich sprechen wolle.<\/p>\n<p class=\"text-18 leading-17 user-text-lg:text-22 user-text-xl:text-24\">Rael Hoffmann kritisiert seine Frau anschlie\u00dfend f\u00fcr die Auswahl der Frage: &#8222;Das war eine richtig billige Frage&#8220;, meint der Fitnessunternehmer, mit dem Merkau seit 2018 verheiratet ist. Die beiden haben zwei Kinder zusammen: Tochter Rosa kam 2016 zur Welt, Sohn Carlo im August 2021.<\/p>\n","protected":false},"excerpt":{"rendered":"&#8222;Ich liebe den Sex mit dir&#8220; TV-Moderatorin \u00fcberrumpelt Ehemann mit intimer Frage 19.04.2026 &#8211; 13:43 UhrLesedauer: 2 Min.&hellip;\n","protected":false},"author":2,"featured_media":957601,"comment_status":"","ping_status":"","sticky":false,"template":"","format":"standard","meta":{"footnotes":"","_share_on_mastodon":"0"},"categories":[155],"tags":[100812,29,214,30,34378,152,13002,215],"class_list":["post-957600","post","type-post","status-publish","format-standard","has-post-thumbnail","category-unterhaltung","tag-alina-merkau","tag-deutschland","tag-entertainment","tag-germany","tag-ibiza","tag-instagram","tag-sat-1","tag-unterhaltung"],"share_on_mastodon":{"url":"https:\/\/pubeurope.com\/@de\/116431903216262045","error":""},"_links":{"self":[{"href":"https:\/\/www.europesays.com\/de\/wp-json\/wp\/v2\/posts\/957600","targetHints":{"allow":["GET"]}}],"collection":[{"href":"https:\/\/www.europesays.com\/de\/wp-json\/wp\/v2\/posts"}],"about":[{"href":"https:\/\/www.europesays.com\/de\/wp-json\/wp\/v2\/types\/post"}],"author":[{"embeddable":true,"href":"https:\/\/www.europesays.com\/de\/wp-json\/wp\/v2\/users\/2"}],"replies":[{"embeddable":true,"href":"https:\/\/www.europesays.com\/de\/wp-json\/wp\/v2\/comments?post=957600"}],"version-history":[{"count":0,"href":"https:\/\/www.europesays.com\/de\/wp-json\/wp\/v2\/posts\/957600\/revisions"}],"wp:featuredmedia":[{"embeddable":true,"href":"https:\/\/www.europesays.com\/de\/wp-json\/wp\/v2\/media\/957601"}],"wp:attachment":[{"href":"https:\/\/www.europesays.com\/de\/wp-json\/wp\/v2\/media?parent=957600"}],"wp:term":[{"taxonomy":"category","embeddable":true,"href":"https:\/\/www.europesays.com\/de\/wp-json\/wp\/v2\/categories?post=957600"},{"taxonomy":"post_tag","embeddable":true,"href":"https:\/\/www.europesays.com\/de\/wp-json\/wp\/v2\/tags?post=957600"}],"curies":[{"name":"wp","href":"https:\/\/api.w.org\/{rel}","templated":true}]}}