{"id":957693,"date":"2026-04-19T15:41:19","date_gmt":"2026-04-19T15:41:19","guid":{"rendered":"https:\/\/www.europesays.com\/de\/957693\/"},"modified":"2026-04-19T15:41:19","modified_gmt":"2026-04-19T15:41:19","slug":"bvb-gibt-entwarnung-bei-sueles-knieverletzung-hoffnung-auf-rueckkehr-vor-saisonende","status":"publish","type":"post","link":"https:\/\/www.europesays.com\/de\/957693\/","title":{"rendered":"BVB gibt Entwarnung bei S\u00fcles Knieverletzung: Hoffnung auf R\u00fcckkehr vor Saisonende"},"content":{"rendered":"<p>Gegen Hoffenheim zugezogen\u00a0<\/p>\n<p>                                    <img decoding=\"async\" src=\"https:\/\/www.europesays.com\/de\/wp-content\/uploads\/2026\/04\/niklas-sule-borussia-dortmund-2026-1776611873-195082.jpg\" title=\"BVB gibt Entwarnung bei S\u00fcles Knieverletzung: Hoffnung auf R\u00fcckkehr vor Saisonende\" alt=\"BVB gibt Entwarnung bei S\u00fcles Knieverletzung: Hoffnung auf R\u00fcckkehr vor Saisonende\"\/><\/p>\n<p>\n                                       \u00a9IMAGO\n                                    <\/p>\n<p>Aufatmen beim verletzten BVB-Verteidiger <a title=\"Niklas S\u00fcle\" href=\"https:\/\/www.transfermarkt.de\/niklas-s-le\/profil\/spieler\/166601\" target=\"_blank\" rel=\"nofollow noopener\">Niklas S\u00fcle<\/a>: Die ungl\u00fcckliche Vorstellung des Ex-Nationalspielers in Hoffenheim wird anders als zun\u00e4chst bef\u00fcrchtet wohl nicht sein letzter Auftritt f\u00fcr <a title=\"Borussia Dortmund\" href=\"https:\/\/www.transfermarkt.de\/borussia-dortmund\/startseite\/verein\/16\" target=\"_blank\" rel=\"nofollow noopener\">Borussia Dortmund<\/a> gewesen sein. S\u00fcle zog sich nach Angaben des Vereins nur eine leichte Knieverletzung zu. \u201eDer Innenverteidiger wird Borussia Dortmund aller Voraussicht nach im Saisonendspurt wieder zur Verf\u00fcgung stehen\u201c, teilte der BVB mit.<\/p>\n<p><\/p>\n<p>S\u00fcle hatte sich kurz vor der Halbzeit am Knie verletzt und dabei zu allem \u00dcberfluss auch noch einen Strafsto\u00df verursacht. Nach dem Ausrutscher wehrte der 30-J\u00e4hrige an alter Wirkungsst\u00e4tte noch einen Schuss mit der Hand ab. Andrej Kramaric nutzte den Strafsto\u00df zum 1:0, am Ende hie\u00df es <a href=\"https:\/\/www.transfermarkt.de\/tsg-1899-hoffenheim_borussia-dortmund\/index\/spielbericht\/4634485\" target=\"_blank\" rel=\"nofollow noopener\">2:1<\/a> f\u00fcr die Hoffenheimer.<\/p>\n<p><\/p>\n<p>Zun\u00e4chst sah es danach aus, als ob das Handspiel die letzte Aktion S\u00fcles im Trikot der Borussia gewesen sein k\u00f6nnte. Sport-Gesch\u00e4ftsf\u00fchrer Lars Ricken erkl\u00e4rte nach dem Spiel: \u201eEs besteht schon der Verdacht, dass er sich schwerer verletzt hat. Er sitzt mit einer Bandage am Knie in der Kabine.\u201c Jetzt ist klar: Wenn alles gut l\u00e4uft, bekommt S\u00fcle eine Chance auf einen gelungeneren Abschied nach vier Jahren beim BVB.<\/p>\n","protected":false},"excerpt":{"rendered":"Gegen Hoffenheim zugezogen\u00a0 \u00a9IMAGO Aufatmen beim verletzten BVB-Verteidiger Niklas S\u00fcle: Die ungl\u00fcckliche Vorstellung des Ex-Nationalspielers in Hoffenheim wird&hellip;\n","protected":false},"author":2,"featured_media":957694,"comment_status":"","ping_status":"","sticky":false,"template":"","format":"standard","meta":{"footnotes":"","_share_on_mastodon":"0"},"categories":[1833],"tags":[888,299,3364,29,217,30,24087,1209],"class_list":["post-957693","post","type-post","status-publish","format-standard","has-post-thumbnail","category-dortmund","tag-borussia-dortmund","tag-bundesliga","tag-de","tag-deutschland","tag-dortmund","tag-germany","tag-niklas-suele","tag-nordrhein-westfalen"],"share_on_mastodon":{"url":"https:\/\/pubeurope.com\/@de\/116432135924456985","error":""},"_links":{"self":[{"href":"https:\/\/www.europesays.com\/de\/wp-json\/wp\/v2\/posts\/957693","targetHints":{"allow":["GET"]}}],"collection":[{"href":"https:\/\/www.europesays.com\/de\/wp-json\/wp\/v2\/posts"}],"about":[{"href":"https:\/\/www.europesays.com\/de\/wp-json\/wp\/v2\/types\/post"}],"author":[{"embeddable":true,"href":"https:\/\/www.europesays.com\/de\/wp-json\/wp\/v2\/users\/2"}],"replies":[{"embeddable":true,"href":"https:\/\/www.europesays.com\/de\/wp-json\/wp\/v2\/comments?post=957693"}],"version-history":[{"count":0,"href":"https:\/\/www.europesays.com\/de\/wp-json\/wp\/v2\/posts\/957693\/revisions"}],"wp:featuredmedia":[{"embeddable":true,"href":"https:\/\/www.europesays.com\/de\/wp-json\/wp\/v2\/media\/957694"}],"wp:attachment":[{"href":"https:\/\/www.europesays.com\/de\/wp-json\/wp\/v2\/media?parent=957693"}],"wp:term":[{"taxonomy":"category","embeddable":true,"href":"https:\/\/www.europesays.com\/de\/wp-json\/wp\/v2\/categories?post=957693"},{"taxonomy":"post_tag","embeddable":true,"href":"https:\/\/www.europesays.com\/de\/wp-json\/wp\/v2\/tags?post=957693"}],"curies":[{"name":"wp","href":"https:\/\/api.w.org\/{rel}","templated":true}]}}