{"id":957719,"date":"2026-04-19T15:57:47","date_gmt":"2026-04-19T15:57:47","guid":{"rendered":"https:\/\/www.europesays.com\/de\/957719\/"},"modified":"2026-04-19T15:57:47","modified_gmt":"2026-04-19T15:57:47","slug":"hamburg-wilstorf-ghostbike-mahnwache-fuer-elfjaehrigen","status":"publish","type":"post","link":"https:\/\/www.europesays.com\/de\/957719\/","title":{"rendered":"Hamburg-Wilstorf: Ghostbike-Mahnwache f\u00fcr Elfj\u00e4hrigen"},"content":{"rendered":"<p>Mahnwache in Hamburg <\/p>\n<p>Abschied von Jungen: Trauernde legen sich auf die Stra\u00dfe<\/p>\n<p>19.04.2026 &#8211; 16:00 UhrLesedauer: 1 Min.<\/p>\n<p><a href=\"#focus-0\" class=\"transition-colors duration-200 block text-current relative\" data-sctrack=\"FocusGalleryImage.Reference\"><img fetchpriority=\"high\" data-testid=\"Opener.Image\" style=\"--lqipURL:url('https:\/\/images.t-online.de\/2026\/04\/NiQDWPnEOJ6W\/169x134:597x336\/fit-in\/150x0\/filters:blur(25)\/blumen-kerzen-kuscheltiere-und-ein-comicbuch-liegen-an-der-kreuzung-an-der-ein-elf-jahre-alter-junge-von-einem-lastwagen-ueberrollt-und-getoetet-wurde-zahlreiche-menschen-haben-am-nachmittag-eine-mahnwache-fuer-das-kind-abgehalten.jpg')\"   loading=\"eager\" src=\"https:\/\/www.europesays.com\/de\/wp-content\/uploads\/2026\/04\/blumen-kerzen-kuscheltiere-und-ein-comicbuch-liegen-an-der-kreuzung-an-der-ein-elf-jahre-alter-junge.jpeg\" alt=\"Blumen, Kerzen, Kuscheltiere und ein Comicbuch liegen an der Kreuzung, an der ein elf Jahre alter Junge von einem Lastwagen \u00fcberrollt und get\u00f6tet wurde: Zahlreiche Menschen haben am Nachmittag eine Mahnwache f\u00fcr das Kind abgehalten.\" title=\"Blumen, Kerzen, Kuscheltiere und ein Comicbuch liegen an der Kreuzung, an der ein elf Jahre alter Junge von einem Lastwagen \u00fcberrollt und get\u00f6tet wurde: Zahlreiche Menschen haben am Nachmittag eine Mahnwache f\u00fcr das Kind abgehalten.\" width=\"597\" height=\"336\" class=\"bg-[url:var(--lqipURL)] bg-cover bg-center flex h-full w-full max-w-full\" decoding=\"async\"\/><img style=\"--width:32;--height:32\" loading=\"lazy\" src=\"https:\/\/hamburg.t-online.de\/s\/paper\/_next\/static\/media\/zoom-in.f7dae02f.svg\" alt=\"Vergr\u00f6\u00dfern des Bildes\" title=\"Vergr\u00f6\u00dfern des Bildes\" class=\"block h-[calc(var(--height)_\/_16_*_1rem)] w-[calc(var(--width)_\/_16_*_1rem)] max-w-none absolute bottom-8 right-8 rounded-4 bg-snow p-8\" decoding=\"async\"\/><\/a><\/p>\n<p>Blumen, Kerzen, Kuscheltiere und ein Comicbuch liegen an der Kreuzung, an der ein elf Jahre alter Junge von einem Lastwagen \u00fcberrollt und get\u00f6tet wurde: Zahlreiche Menschen haben am Nachmittag eine Mahnwache f\u00fcr das Kind abgehalten. (Quelle: Christiane Bosch)<\/p>\n<p class=\"font-bold text-18 leading-17 user-text-lg:text-22 user-text-xl:text-24\">In Hamburg-Wilstorf starb ein Kind bei einem Unfall mit einem Lastwagen. An der Ungl\u00fccksstelle steht jetzt ein wei\u00dfes Fahrrad \u2013 und Hunderte Menschen kamen, um Abschied zu nehmen.<\/p>\n<p class=\"text-18 leading-17 user-text-lg:text-22 user-text-xl:text-24\">Zahlreiche Menschen haben bei einer Mahnwache am Unfallort in Hamburg-Wilstorf des gestorbenen Elfj\u00e4hrigen gedacht, der am Mittwoch bei einem Lastwagenunfall ums Leben gekommen ist.<\/p>\n<p class=\"text-18 leading-17 user-text-lg:text-22 user-text-xl:text-24\">Die Polizei sprach von rund 450 Teilnehmern, darunter waren auch viele Kinder. Zu der emotionalen Mahnwache hatte der Hamburger Landesverband des Fahrradclubs ADFC aufgerufen. Zum Gedenken an das Opfer wurde ein wei\u00dfes sogenanntes Ghostbike aufgestellt. W\u00e4hrend der Gedenkminuten legten sich viele Menschen sich mitten auf die Stra\u00dfe, ihre Fahrr\u00e4der legten sie neben sich.<\/p>\n<p class=\"text-18 leading-17 user-text-lg:text-22 user-text-xl:text-24\">Das Kind war am Mittwochnachmittag auf seinem Fahrrad unterwegs gewesen, als es an einer Einm\u00fcndung mit einem Lastwagen zusammenstie\u00df. Dabei habe der Junge lebensgef\u00e4hrliche Kopfverletzungen erlitten. Unfallzeugen begannen mit der Reanimation des Kindes, die von einer Rettungswagenbesatzung fortgesetzt wurde. Dennoch starb der Junge am Unfallort an seinen schweren Verletzungen.<\/p>\n<p class=\"text-18 leading-17 user-text-lg:text-22 user-text-xl:text-24\">Der ADFC fordert zum Schutz von Radfahrenden und Fu\u00dfg\u00e4ngerinnen und Fu\u00dfg\u00e4ngern in Hamburg sichere Rad- und Gehwege sowie mehr Geschwindigkeitsbegrenzungen. Auch sollten Lastwagenfahrerinnen und -fahrer h\u00e4ufiger und konsequenter mit Blick auf die Geschwindigkeit beim Abbiegen kontrolliert werden.<\/p>\n<p class=\"text-18 leading-17 user-text-lg:text-22 user-text-xl:text-24\">Zudem forderte der ADFC obligatorische Abbiege- und Notbremsassistenten oder alternativ die Einf\u00fchrung einer Beifahrerpflicht. Ohne diese Dinge sollten Lastwagen nicht auf Hamburgs Stra\u00dfen unterwegs sein d\u00fcrfen, so der ADFC weiter.<\/p>\n","protected":false},"excerpt":{"rendered":"Mahnwache in Hamburg Abschied von Jungen: Trauernde legen sich auf die Stra\u00dfe 19.04.2026 &#8211; 16:00 UhrLesedauer: 1 Min.&hellip;\n","protected":false},"author":2,"featured_media":957720,"comment_status":"","ping_status":"","sticky":false,"template":"","format":"standard","meta":{"footnotes":"","_share_on_mastodon":"0"},"categories":[1826],"tags":[7380,722,90771,29,1234,30,692,112692,1460,21146,121,1284,17249],"class_list":["post-957719","post","type-post","status-publish","format-standard","has-post-thumbnail","category-hamburg","tag-adfc","tag-722","tag-comicbuch","tag-deutschland","tag-fahrrad","tag-germany","tag-hamburg","tag-hamburg-wilstorf","tag-kind","tag-mahnwache","tag-polizei","tag-unfall","tag-ungluecksstelle"],"share_on_mastodon":{"url":"https:\/\/pubeurope.com\/@de\/116432198031385082","error":""},"_links":{"self":[{"href":"https:\/\/www.europesays.com\/de\/wp-json\/wp\/v2\/posts\/957719","targetHints":{"allow":["GET"]}}],"collection":[{"href":"https:\/\/www.europesays.com\/de\/wp-json\/wp\/v2\/posts"}],"about":[{"href":"https:\/\/www.europesays.com\/de\/wp-json\/wp\/v2\/types\/post"}],"author":[{"embeddable":true,"href":"https:\/\/www.europesays.com\/de\/wp-json\/wp\/v2\/users\/2"}],"replies":[{"embeddable":true,"href":"https:\/\/www.europesays.com\/de\/wp-json\/wp\/v2\/comments?post=957719"}],"version-history":[{"count":0,"href":"https:\/\/www.europesays.com\/de\/wp-json\/wp\/v2\/posts\/957719\/revisions"}],"wp:featuredmedia":[{"embeddable":true,"href":"https:\/\/www.europesays.com\/de\/wp-json\/wp\/v2\/media\/957720"}],"wp:attachment":[{"href":"https:\/\/www.europesays.com\/de\/wp-json\/wp\/v2\/media?parent=957719"}],"wp:term":[{"taxonomy":"category","embeddable":true,"href":"https:\/\/www.europesays.com\/de\/wp-json\/wp\/v2\/categories?post=957719"},{"taxonomy":"post_tag","embeddable":true,"href":"https:\/\/www.europesays.com\/de\/wp-json\/wp\/v2\/tags?post=957719"}],"curies":[{"name":"wp","href":"https:\/\/api.w.org\/{rel}","templated":true}]}}