{"id":957772,"date":"2026-04-19T16:31:19","date_gmt":"2026-04-19T16:31:19","guid":{"rendered":"https:\/\/www.europesays.com\/de\/957772\/"},"modified":"2026-04-19T16:31:19","modified_gmt":"2026-04-19T16:31:19","slug":"taenzerische-wucht-das-ballett-augsburg-zeigt-strawinskys-les-noces-und-le-sacre-du-printemps","status":"publish","type":"post","link":"https:\/\/www.europesays.com\/de\/957772\/","title":{"rendered":"T\u00e4nzerische Wucht: Das Ballett Augsburg zeigt Strawinskys \u201eLes Noces\u201c und \u201eLe Sacre du printemps\u201c"},"content":{"rendered":"<p class=\"mb-6 text-xs md:text-m lg:text-l font-serif group-[.font-sans]:font-sans \">\n    Am Ende ringen nicht nur die T\u00e4nzerinnen und T\u00e4nzer nach Luft, sondern auch das Publikum, so atemberaubend ger\u00e4t die letzte Szene des neuen Ballettabends am <a href=\"https:\/\/www.augsburger-allgemeine.de\/organisationen\/aa-theater-augsburg\" target=\"_self\" class=\"underline \" rel=\"nofollow noopener\">Staatstheater<\/a> <a href=\"https:\/\/www.augsburger-allgemeine.de\/augsburg\/\" target=\"_self\" class=\"underline \" rel=\"nofollow noopener\">Augsburg<\/a>. Zu sehen sind zwei Klassiker Igor Strawinskys &#8211; \u201eLes Noces\u201c und \u201eLe Sacre du printemps\u201c -, die das Ballett zu Beginn des 20. Jahrhunderts in die Moderne gef\u00fchrt haben. Igor Strawinsky griff in Inhalt und Musik dabei d\u00f6rfliche Traditionen im alten Russland auf. Wie der Einzelne sich durch Rituale in die Gemeinschaft einf\u00fcgt, ist der Angelpunkt, der die beiden St\u00fccke miteinander verbindet.\n  <\/p>\n<ul data-module-id=\"DragDropModule\" class=\"flex flex-wrap justify-start group-[.no-bookmarks]:hidden\">\n<li class=\"mb-3 mr-3\">\n    Birgit M\u00fcller-Bardorff<\/p>\n<p>      Icon Haken im Kreis gesetzt<\/p>\n<p>      Icon Plus im Kreis<\/p>\n<\/li>\n<li class=\"mb-3 mr-3\">\n    Augsburg<\/p>\n<p>      Icon Haken im Kreis gesetzt<\/p>\n<p>      Icon Plus im Kreis<\/p>\n<\/li>\n<li class=\"mb-3 mr-3\">\n    Igor Strawinsky<\/p>\n<p>      Icon Haken im Kreis gesetzt<\/p>\n<p>      Icon Plus im Kreis<\/p>\n<\/li>\n<\/ul>\n","protected":false},"excerpt":{"rendered":"Am Ende ringen nicht nur die T\u00e4nzerinnen und T\u00e4nzer nach Luft, sondern auch das Publikum, so atemberaubend ger\u00e4t&hellip;\n","protected":false},"author":2,"featured_media":957773,"comment_status":"","ping_status":"","sticky":false,"template":"","format":"standard","meta":{"footnotes":"","_share_on_mastodon":"0"},"categories":[1846],"tags":[680,16104,772,3364,29,208241,548,663,3934,30,13,208239,208240,14,15,319,138877,307,12,12130,109853],"class_list":["post-957772","post","type-post","status-publish","format-standard","has-post-thumbnail","category-augsburg","tag-augsburg","tag-ballett","tag-bayern","tag-de","tag-deutschland","tag-didi-veldman","tag-eu","tag-europa","tag-europe","tag-germany","tag-headlines","tag-igor-strawinsky","tag-les-noce","tag-nachrichten","tag-news","tag-paris","tag-ricardo-fernando","tag-russland","tag-schlagzeilen","tag-staatstheater","tag-theatererlebnis"],"share_on_mastodon":{"url":"https:\/\/pubeurope.com\/@de\/116432331518390477","error":""},"_links":{"self":[{"href":"https:\/\/www.europesays.com\/de\/wp-json\/wp\/v2\/posts\/957772","targetHints":{"allow":["GET"]}}],"collection":[{"href":"https:\/\/www.europesays.com\/de\/wp-json\/wp\/v2\/posts"}],"about":[{"href":"https:\/\/www.europesays.com\/de\/wp-json\/wp\/v2\/types\/post"}],"author":[{"embeddable":true,"href":"https:\/\/www.europesays.com\/de\/wp-json\/wp\/v2\/users\/2"}],"replies":[{"embeddable":true,"href":"https:\/\/www.europesays.com\/de\/wp-json\/wp\/v2\/comments?post=957772"}],"version-history":[{"count":0,"href":"https:\/\/www.europesays.com\/de\/wp-json\/wp\/v2\/posts\/957772\/revisions"}],"wp:featuredmedia":[{"embeddable":true,"href":"https:\/\/www.europesays.com\/de\/wp-json\/wp\/v2\/media\/957773"}],"wp:attachment":[{"href":"https:\/\/www.europesays.com\/de\/wp-json\/wp\/v2\/media?parent=957772"}],"wp:term":[{"taxonomy":"category","embeddable":true,"href":"https:\/\/www.europesays.com\/de\/wp-json\/wp\/v2\/categories?post=957772"},{"taxonomy":"post_tag","embeddable":true,"href":"https:\/\/www.europesays.com\/de\/wp-json\/wp\/v2\/tags?post=957772"}],"curies":[{"name":"wp","href":"https:\/\/api.w.org\/{rel}","templated":true}]}}