{"id":957774,"date":"2026-04-19T16:32:16","date_gmt":"2026-04-19T16:32:16","guid":{"rendered":"https:\/\/www.europesays.com\/de\/957774\/"},"modified":"2026-04-19T16:32:16","modified_gmt":"2026-04-19T16:32:16","slug":"schulzentrum-mundenheim-baeume-und-blumen-fuer-den-schulhof-ludwigshafen","status":"publish","type":"post","link":"https:\/\/www.europesays.com\/de\/957774\/","title":{"rendered":"Schulzentrum Mundenheim: B\u00e4ume und Blumen f\u00fcr den Schulhof &#8211; Ludwigshafen"},"content":{"rendered":"<p class=\"rhp-dpa-teaser\"><b>Mehr Gr\u00fcn, weniger Beton: Der Pausenhof des Schulzentrums in Mundenheim ist f\u00fcr eine halbe Million Euro neu gestaltet worden.<\/b><\/p>\n<p>Alexander Thewalt ist offensichtlich begl\u00fcckt: \u201eWir w\u00fcrden uns freuen, wenn das Land f\u00fcr alle Kommunen noch einmal ein F\u00f6rderprogramm auflegen w\u00fcrde, das so flexibel ist und den St\u00e4dten solche M\u00f6glichkeiten er\u00f6ffnet.\u201c Der parteilose Bau- und Umweltdezernent l\u00e4sst bei<\/p>\n<p class=\"rhp-teaser\"><b>Mehr Gr\u00fcn, weniger Beton: Der Pausenhof des Schulzentrums in Mundenheim ist f\u00fcr eine halbe Million Euro neu gestaltet worden.<\/b><\/p>\n","protected":false},"excerpt":{"rendered":"Mehr Gr\u00fcn, weniger Beton: Der Pausenhof des Schulzentrums in Mundenheim ist f\u00fcr eine halbe Million Euro neu gestaltet&hellip;\n","protected":false},"author":2,"featured_media":957775,"comment_status":"","ping_status":"","sticky":false,"template":"","format":"standard","meta":{"footnotes":"","_share_on_mastodon":"0"},"categories":[1845],"tags":[50029,52368,1634,3364,29,548,663,3934,30,13,4060,25476,2096,32072,14,15,12,22954],"class_list":["post-957774","post","type-post","status-publish","format-standard","has-post-thumbnail","category-mannheim","tag-schulzentrum","tag-alexander-thewalt","tag-baden-wuerttemberg","tag-de","tag-deutschland","tag-eu","tag-europa","tag-europe","tag-germany","tag-headlines","tag-lokal","tag-ludwigshafen","tag-mannheim","tag-mundenheim","tag-nachrichten","tag-news","tag-schlagzeilen","tag-schutz"],"share_on_mastodon":{"url":"https:\/\/pubeurope.com\/@de\/116432335482317957","error":""},"_links":{"self":[{"href":"https:\/\/www.europesays.com\/de\/wp-json\/wp\/v2\/posts\/957774","targetHints":{"allow":["GET"]}}],"collection":[{"href":"https:\/\/www.europesays.com\/de\/wp-json\/wp\/v2\/posts"}],"about":[{"href":"https:\/\/www.europesays.com\/de\/wp-json\/wp\/v2\/types\/post"}],"author":[{"embeddable":true,"href":"https:\/\/www.europesays.com\/de\/wp-json\/wp\/v2\/users\/2"}],"replies":[{"embeddable":true,"href":"https:\/\/www.europesays.com\/de\/wp-json\/wp\/v2\/comments?post=957774"}],"version-history":[{"count":0,"href":"https:\/\/www.europesays.com\/de\/wp-json\/wp\/v2\/posts\/957774\/revisions"}],"wp:featuredmedia":[{"embeddable":true,"href":"https:\/\/www.europesays.com\/de\/wp-json\/wp\/v2\/media\/957775"}],"wp:attachment":[{"href":"https:\/\/www.europesays.com\/de\/wp-json\/wp\/v2\/media?parent=957774"}],"wp:term":[{"taxonomy":"category","embeddable":true,"href":"https:\/\/www.europesays.com\/de\/wp-json\/wp\/v2\/categories?post=957774"},{"taxonomy":"post_tag","embeddable":true,"href":"https:\/\/www.europesays.com\/de\/wp-json\/wp\/v2\/tags?post=957774"}],"curies":[{"name":"wp","href":"https:\/\/api.w.org\/{rel}","templated":true}]}}