{"id":957910,"date":"2026-04-19T17:59:16","date_gmt":"2026-04-19T17:59:16","guid":{"rendered":"https:\/\/www.europesays.com\/de\/957910\/"},"modified":"2026-04-19T17:59:16","modified_gmt":"2026-04-19T17:59:16","slug":"syntainics-mbc-mit-deutlicher-niederlage-in-braunschweig","status":"publish","type":"post","link":"https:\/\/www.europesays.com\/de\/957910\/","title":{"rendered":"Syntainics MBC mit deutlicher Niederlage in Braunschweig"},"content":{"rendered":"<p class=\"text\">\nMBC-Headcoach Milenko Bogijevic sagte nach dem Spiel: &#8222;Gl\u00fcckwunsch an Braunschweig. Sie haben das Spiel besser bestritten und mehr Kampfgeist gezeigt. Sie haben auf jeden Fall gek\u00e4mpft. Und genau das ist mein Kritikpunkt, denn wir haben nicht so physisch gespielt wie geplant. Der Angriff ist der Angriff, wir alle wissen, dass wir da Qualit\u00e4t haben. Aber defensiv war es heute wirklich schlecht. Wir m\u00fcssen aus diesen Fehlern lernen, um besser zu werden. Und noch einmal: Gl\u00fcckwunsch an Braunschweig. Ich w\u00fcnsche ihnen viel Gl\u00fcck f\u00fcr den Rest der Saison.&#8220;<\/p>\n","protected":false},"excerpt":{"rendered":"MBC-Headcoach Milenko Bogijevic sagte nach dem Spiel: &#8222;Gl\u00fcckwunsch an Braunschweig. Sie haben das Spiel besser bestritten und mehr&hellip;\n","protected":false},"author":2,"featured_media":957911,"comment_status":"","ping_status":"","sticky":false,"template":"","format":"standard","meta":{"footnotes":"","_share_on_mastodon":"0"},"categories":[1850],"tags":[2493,2472,6429,299,3364,29,548,663,3934,30,13,32425,16849,81,189415,14,15,1411,12,3499,3498,22640,32357],"class_list":["post-957910","post","type-post","status-publish","format-standard","has-post-thumbnail","category-braunschweig","tag-basketball","tag-bbl","tag-braunschweig","tag-bundesliga","tag-de","tag-deutschland","tag-eu","tag-europa","tag-europe","tag-germany","tag-headlines","tag-loewen-braunschweig","tag-mbc","tag-mdr","tag-milenko-bogicevic","tag-nachrichten","tag-news","tag-niedersachsen","tag-schlagzeilen","tag-spio","tag-sport-im-osten","tag-syntainics-mbc","tag-weissenfels"],"share_on_mastodon":{"url":"https:\/\/pubeurope.com\/@de\/116432677588541142","error":""},"_links":{"self":[{"href":"https:\/\/www.europesays.com\/de\/wp-json\/wp\/v2\/posts\/957910","targetHints":{"allow":["GET"]}}],"collection":[{"href":"https:\/\/www.europesays.com\/de\/wp-json\/wp\/v2\/posts"}],"about":[{"href":"https:\/\/www.europesays.com\/de\/wp-json\/wp\/v2\/types\/post"}],"author":[{"embeddable":true,"href":"https:\/\/www.europesays.com\/de\/wp-json\/wp\/v2\/users\/2"}],"replies":[{"embeddable":true,"href":"https:\/\/www.europesays.com\/de\/wp-json\/wp\/v2\/comments?post=957910"}],"version-history":[{"count":0,"href":"https:\/\/www.europesays.com\/de\/wp-json\/wp\/v2\/posts\/957910\/revisions"}],"wp:featuredmedia":[{"embeddable":true,"href":"https:\/\/www.europesays.com\/de\/wp-json\/wp\/v2\/media\/957911"}],"wp:attachment":[{"href":"https:\/\/www.europesays.com\/de\/wp-json\/wp\/v2\/media?parent=957910"}],"wp:term":[{"taxonomy":"category","embeddable":true,"href":"https:\/\/www.europesays.com\/de\/wp-json\/wp\/v2\/categories?post=957910"},{"taxonomy":"post_tag","embeddable":true,"href":"https:\/\/www.europesays.com\/de\/wp-json\/wp\/v2\/tags?post=957910"}],"curies":[{"name":"wp","href":"https:\/\/api.w.org\/{rel}","templated":true}]}}