{"id":958039,"date":"2026-04-19T19:40:26","date_gmt":"2026-04-19T19:40:26","guid":{"rendered":"https:\/\/www.europesays.com\/de\/958039\/"},"modified":"2026-04-19T19:40:26","modified_gmt":"2026-04-19T19:40:26","slug":"aktienboom-trotz-wirtschaftskrise-die-antwort-auf-das-boersen-raetsel-welt","status":"publish","type":"post","link":"https:\/\/www.europesays.com\/de\/958039\/","title":{"rendered":"Aktienboom trotz Wirtschaftskrise \u2013 die Antwort auf das B\u00f6rsen-R\u00e4tsel &#8211; WELT"},"content":{"rendered":"<ol>\n<li><a href=\"https:\/\/news.google.com\/rss\/articles\/CBMizAFBVV95cUxOcWc4V2RKSWJRRTh2NFdFRmdnUUxZcU5tb0VKbHdyeGVPV281LUFXRlZ2NmE4UVBicjBZU3pBTXBCVlN0eXdESlFxU25EbjJTMExPT2loZmNpLTlzM0hpaXloa2lGT3lQX0FZbncyN0pqR3A3dFB6cUdlOGNxMHM1WENzOV9Vc3pwQlB0dlktb2xwRlYxVmdXbDVSUVQweEZKVXpEM3VkVFF3Y2NBM1hyTWw2RlNkNWd5cnlqdjdzcnR4cE1EWE1MNHktZ0Q?oc=5\" target=\"_blank\" rel=\"nofollow noopener\">Aktienboom trotz Wirtschaftskrise \u2013 die Antwort auf das B\u00f6rsen-R\u00e4tsel<\/a>&nbsp;&nbsp;WELT<\/li>\n<li><a href=\"https:\/\/news.google.com\/rss\/articles\/CBMijAFBVV95cUxQOEEyMHVQZUZKb1AyejEyWnFXak9nZUNwenlDWVBpLTVVQUtDSFhJNEJZcGFjQ1pabjZGWGpSXzlsSDZudHMxd1lBVTctX0xsNW1WMUFZUWM3eGg4OWU3c1BnV0FITHBYQlJ4V2lhSVpTYkE1ZXU1bi0yLV9YclZpTWEyMHFWWnBOLWlURg?oc=5\" target=\"_blank\" rel=\"nofollow noopener\">Krise? Von wegen, die B\u00f6rse feiert Rekorde<\/a>&nbsp;&nbsp;FAZ<\/li>\n<li><a href=\"https:\/\/news.google.com\/rss\/articles\/CBMi1gFBVV95cUxOdHlYSGI5blZLbV9KQm9PTjVRVHNXNDV4S1l5Y0hYeW1LemNOMGx0aTF1UDZuMl9fYURXRTE3T0RlQVdLVWo1Vm1oQzdGYzJmYWpDa0V6Sm5mdGFTZlhCTVpXTlJjYkxsTFZ1Mi1adlFFYTk1ODdZZWdXMnpVQm1HRVdpMzVXZS1ndjl4amVQcllQR015QTJ6eW9iTzlvSERZODYwTWNFWTBNczQ3bnl4RUZhejgzTl9sTzBlY2lMbTdXV3FyRU5NaWR4eFFMQXJhbm1FcGZn?oc=5\" target=\"_blank\" rel=\"nofollow noopener\">M\u00e4rkte-Insight: Nach der Rally kommt der n\u00e4chste gro\u00dfe Test<\/a>&nbsp;&nbsp;Handelsblatt<\/li>\n<li><a href=\"https:\/\/news.google.com\/rss\/articles\/CBMiowFBVV95cUxPY2R4WjJMZ3FIQTZYTnVRMWlwMkRUbngyak45MWVGaWFBY2E3S0g5LXlCZkJFM3k0R0dKLUdya01JLUh3VXcyekdxTG5NQkkxR1FFUTQ4MHU0V0l4N0FiX2ZpRXJHQlZ0LXF6bExJOTNsejYwU0lYRm1GV3I0d1NES21SM2V1LVB5bEg3SkI2MWRReHJESGRyUlhqSUFxdnpfSnFv?oc=5\" target=\"_blank\" rel=\"nofollow noopener\">Indizes schlie\u00dfen dick im Plus: Entspannungszeichen im Iran-Krieg befeuern Wall Street<\/a>&nbsp;&nbsp;nTV<\/li>\n<li><a href=\"https:\/\/news.google.com\/rss\/articles\/CBMiggFBVV95cUxPT3ZZUUJtaGU2dWxVTG40WjdQT056Y1M5UWZ1cW5ybXlmQk0xekxsOTN4ZW1FeXl4alRmQVNoRjVOeURwUFJuS1pBc3VDZTJSdTNFRWZqdDBVZ01pQXpWbUJuaGxnNGMtYXZBT3NvN3RpVjlCM2JrUTFHUDR3SVZoVGtn0gGHAUFVX3lxTE5kdXVmTjFLZ2Uyd3cyenpyVU1IQTlCNFBmMl82bXVULUo3SlQtWGg0U1VPR2tjOEdUVVhLZkxvTkFpVVB6RlJoSFpmQ1NTVUJrZ1h2cTZ3OUdMUFRMTVRjemRBc2RDdlhPeGREWWRLdmEtd0poOFVmRHJCdkJlb2tTSWI3NTV6RQ?oc=5\" target=\"_blank\" rel=\"nofollow noopener\">S&amp;P 500 mit neuem All-Time-High &#8211; boerse.de<\/a>&nbsp;&nbsp;boerse.de<\/li>\n<\/ol>\n","protected":false},"excerpt":{"rendered":"Aktienboom trotz Wirtschaftskrise \u2013 die Antwort auf das B\u00f6rsen-R\u00e4tsel&nbsp;&nbsp;WELT Krise? Von wegen, die B\u00f6rse feiert Rekorde&nbsp;&nbsp;FAZ M\u00e4rkte-Insight: Nach&hellip;\n","protected":false},"author":2,"featured_media":958040,"comment_status":"","ping_status":"","sticky":false,"template":"","format":"standard","meta":{"footnotes":"","_share_on_mastodon":"0"},"categories":[134],"tags":[791,665,175,170,169,29,208321,30,345,59002,171,174,146866,137125,45,173,172],"class_list":["post-958039","post","type-post","status-publish","format-standard","has-post-thumbnail","category-unternehmen-maerkte","tag-aktien","tag-boerse","tag-business","tag-companies","tag-companies-markets","tag-deutschland","tag-finanzmaerkte-ks","tag-germany","tag-iran","tag-kc_finanzen","tag-markets","tag-maerkte","tag-oelpreise-ks","tag-stocker-frank","tag-texttospeech","tag-unternehmen","tag-unternehmen-maerkte"],"share_on_mastodon":{"url":"https:\/\/pubeurope.com\/@de\/116433075007457910","error":""},"_links":{"self":[{"href":"https:\/\/www.europesays.com\/de\/wp-json\/wp\/v2\/posts\/958039","targetHints":{"allow":["GET"]}}],"collection":[{"href":"https:\/\/www.europesays.com\/de\/wp-json\/wp\/v2\/posts"}],"about":[{"href":"https:\/\/www.europesays.com\/de\/wp-json\/wp\/v2\/types\/post"}],"author":[{"embeddable":true,"href":"https:\/\/www.europesays.com\/de\/wp-json\/wp\/v2\/users\/2"}],"replies":[{"embeddable":true,"href":"https:\/\/www.europesays.com\/de\/wp-json\/wp\/v2\/comments?post=958039"}],"version-history":[{"count":0,"href":"https:\/\/www.europesays.com\/de\/wp-json\/wp\/v2\/posts\/958039\/revisions"}],"wp:featuredmedia":[{"embeddable":true,"href":"https:\/\/www.europesays.com\/de\/wp-json\/wp\/v2\/media\/958040"}],"wp:attachment":[{"href":"https:\/\/www.europesays.com\/de\/wp-json\/wp\/v2\/media?parent=958039"}],"wp:term":[{"taxonomy":"category","embeddable":true,"href":"https:\/\/www.europesays.com\/de\/wp-json\/wp\/v2\/categories?post=958039"},{"taxonomy":"post_tag","embeddable":true,"href":"https:\/\/www.europesays.com\/de\/wp-json\/wp\/v2\/tags?post=958039"}],"curies":[{"name":"wp","href":"https:\/\/api.w.org\/{rel}","templated":true}]}}