{"id":958634,"date":"2026-04-20T01:40:33","date_gmt":"2026-04-20T01:40:33","guid":{"rendered":"https:\/\/www.europesays.com\/de\/958634\/"},"modified":"2026-04-20T01:40:33","modified_gmt":"2026-04-20T01:40:33","slug":"ratsbuergerentscheid-olympia-vorlaeufige-ergebnisse-aus-aachen","status":"publish","type":"post","link":"https:\/\/www.europesays.com\/de\/958634\/","title":{"rendered":"Ratsb\u00fcrgerentscheid Olympia: Vorl\u00e4ufige Ergebnisse aus Aachen"},"content":{"rendered":"<p>Ratsb\u00fcrgerentscheid <\/p>\n<p>Olympia-Bewerbung: So hat Aachen abgestimmt<\/p>\n<p>Aktualisiert am 19.04.2026 &#8211; 22:33 UhrLesedauer: 2 Min.<\/p>\n<p><a href=\"#focus-0\" class=\"transition-colors duration-200 block text-current relative\" data-sctrack=\"FocusGalleryImage.Reference\"><img fetchpriority=\"high\" data-testid=\"Opener.Image\" style=\"--lqipURL:url('https:\/\/images.t-online.de\/2026\/04\/CL0WHj3ub321\/443x971:1583x890\/fit-in\/150x0\/filters:blur(25)\/eine-fahne-wirbt-fuer-eine-deutsche-olympia-bewerbung-in-aachen-und-nordrhein-westfalen-konnten-die-buergerinnen-und-buerger-in-den-vergangenen-wochen-ueber-eine-bewerbung-abstimmen.jpg')\"   loading=\"eager\" src=\"https:\/\/www.europesays.com\/de\/wp-content\/uploads\/2026\/04\/eine-fahne-wirbt-fuer-eine-deutsche-olympia-bewerbung-in-aachen-und-nordrhein-westfalen-konnten-die-.jpeg\" alt=\"Eine Fahne wirbt f\u00fcr eine deutsche Olympia-Bewerbung: In Aachen und Nordrhein-Westfalen konnten die B\u00fcrgerinnen und B\u00fcrger in den vergangenen Wochen \u00fcber eine Bewerbung abstimmen.\" title=\"Eine Fahne wirbt f\u00fcr eine deutsche Olympia-Bewerbung: In Aachen und Nordrhein-Westfalen konnten die B\u00fcrgerinnen und B\u00fcrger in den vergangenen Wochen \u00fcber eine Bewerbung abstimmen.\" width=\"1583\" height=\"890\" class=\"bg-[url:var(--lqipURL)] bg-cover bg-center flex h-full w-full max-w-full\" decoding=\"async\"\/><img style=\"--width:32;--height:32\" loading=\"lazy\" src=\"https:\/\/aachen.t-online.de\/s\/paper\/_next\/static\/media\/zoom-in.f7dae02f.svg\" alt=\"Vergr\u00f6\u00dfern des Bildes\" title=\"Vergr\u00f6\u00dfern des Bildes\" class=\"block h-[calc(var(--height)_\/_16_*_1rem)] w-[calc(var(--width)_\/_16_*_1rem)] max-w-none absolute bottom-8 right-8 rounded-4 bg-snow p-8\" decoding=\"async\"\/><\/a><\/p>\n<p>Eine Fahne wirbt f\u00fcr eine deutsche Olympia-Bewerbung: In Aachen und Nordrhein-Westfalen konnten die B\u00fcrgerinnen und B\u00fcrger in den vergangenen Wochen \u00fcber eine Bewerbung abstimmen. (Quelle: IMAGO\/BODE)<\/p>\n<p class=\"font-bold text-18 leading-17 user-text-lg:text-22 user-text-xl:text-24\">In Aachen wird \u00fcber eine Olympia-Bewerbung abgestimmt. Bekommt die Soers ihr eigenes Olympisches Reitturnier nach dem Chio?<\/p>\n<p class=\"text-18 leading-17 user-text-lg:text-22 user-text-xl:text-24\">Die Aachenerinnen und Aachener haben \u00fcber die Bewerbung f\u00fcr die Olympischen und Paralympischen Spiele entschieden. Beim Ratsb\u00fcrgerentscheid f\u00fcr eine Bewerbung zu den Sommerspielen 2036, 2040 oder 2044 stimmten in Aachen laut dem vorl\u00e4ufigen Ergebnis 76,29 Prozent der Wahlberechtigen f\u00fcr eine Bewerbung, 23,71 Prozent sind gegen <a class=\"transition-colors duration-200 cursor-pointer text-inherit no-underline text-salemsfur md:hover:text-magenta md:hover:border-magenta md:focus:text-magenta border-current border-b border-solid break-words\" data-tracking=\"{&quot;action&quot;:&quot;click&quot;,&quot;category&quot;:&quot;intextLink&quot;,&quot;label&quot;:&quot;https:\/\/duisburg.t-online.de\/region\/duisburg\/id_101202684\/olympia-bewerbung-nrw-plant-millionen-guenstige-tickets.html&quot;}\" href=\"https:\/\/duisburg.t-online.de\/region\/duisburg\/id_101202684\/olympia-bewerbung-nrw-plant-millionen-guenstige-tickets.html\" data-sctrack=\"BodyAnchor\" rel=\"nofollow noopener\" target=\"_blank\">eine gemeinsame Ausrichtung von Aachen mit 16 weiteren Kommunen in Nordrhein-Westfalen<\/a>. Das notwendige Quorum wurde ebenfalls bereits erreicht.<\/p>\n<p class=\"text-18 leading-17 user-text-lg:text-22 user-text-xl:text-24\">Mit insgesamt mehr als vier Millionen Menschen durften in Nordrhein-Westfalen mehr Menschen \u00fcber eine Olympia-Bewerbung abstimmen als bei den Mitbewerbern M\u00fcnchen, Hamburg und Berlin. In der deutschen Hauptstadt sieht die Verfassung keine Abstimmung vor, in Hamburg findet diese am 31. Mai statt.<\/p>\n<p class=\"text-18 leading-17 user-text-lg:text-22 user-text-xl:text-24\">Neben Aachen entschieden auch 16 weitere Kommunen am Sonntag \u00fcber die Olympia-Bewerbung, darunter auch Duisburg, Dortmund, Bochum, Essen oder Aachen. Keine andere deutsche Bewerbung setzt dabei auf die Zustimmung so vieler einzelner Kommunen.<\/p>\n","protected":false},"excerpt":{"rendered":"Ratsb\u00fcrgerentscheid Olympia-Bewerbung: So hat Aachen abgestimmt Aktualisiert am 19.04.2026 &#8211; 22:33 UhrLesedauer: 2 Min. Eine Fahne wirbt f\u00fcr&hellip;\n","protected":false},"author":2,"featured_media":958635,"comment_status":"","ping_status":"","sticky":false,"template":"","format":"standard","meta":{"footnotes":"","_share_on_mastodon":"0"},"categories":[1853],"tags":[31483,1424,7507,3364,29,217,3715,3405,3688,548,663,3934,30,692,13,2375,1268,14,15,1209,656,42180,11877,131032,70978,12],"class_list":["post-958634","post","type-post","status-publish","format-standard","has-post-thumbnail","category-aachen","tag-herten","tag-aachen","tag-bochum","tag-de","tag-deutschland","tag-dortmund","tag-duisburg","tag-duesseldorf","tag-essen","tag-eu","tag-europa","tag-europe","tag-germany","tag-hamburg","tag-headlines","tag-leverkusen","tag-muenchen","tag-nachrichten","tag-news","tag-nordrhein-westfalen","tag-olympia","tag-olympische-sommerspiele","tag-pulheim","tag-ratsbuergerentscheid","tag-reitturnier","tag-schlagzeilen"],"share_on_mastodon":{"url":"https:\/\/pubeurope.com\/@de\/116434490336919779","error":""},"_links":{"self":[{"href":"https:\/\/www.europesays.com\/de\/wp-json\/wp\/v2\/posts\/958634","targetHints":{"allow":["GET"]}}],"collection":[{"href":"https:\/\/www.europesays.com\/de\/wp-json\/wp\/v2\/posts"}],"about":[{"href":"https:\/\/www.europesays.com\/de\/wp-json\/wp\/v2\/types\/post"}],"author":[{"embeddable":true,"href":"https:\/\/www.europesays.com\/de\/wp-json\/wp\/v2\/users\/2"}],"replies":[{"embeddable":true,"href":"https:\/\/www.europesays.com\/de\/wp-json\/wp\/v2\/comments?post=958634"}],"version-history":[{"count":0,"href":"https:\/\/www.europesays.com\/de\/wp-json\/wp\/v2\/posts\/958634\/revisions"}],"wp:featuredmedia":[{"embeddable":true,"href":"https:\/\/www.europesays.com\/de\/wp-json\/wp\/v2\/media\/958635"}],"wp:attachment":[{"href":"https:\/\/www.europesays.com\/de\/wp-json\/wp\/v2\/media?parent=958634"}],"wp:term":[{"taxonomy":"category","embeddable":true,"href":"https:\/\/www.europesays.com\/de\/wp-json\/wp\/v2\/categories?post=958634"},{"taxonomy":"post_tag","embeddable":true,"href":"https:\/\/www.europesays.com\/de\/wp-json\/wp\/v2\/tags?post=958634"}],"curies":[{"name":"wp","href":"https:\/\/api.w.org\/{rel}","templated":true}]}}