{"id":958822,"date":"2026-04-20T03:35:17","date_gmt":"2026-04-20T03:35:17","guid":{"rendered":"https:\/\/www.europesays.com\/de\/958822\/"},"modified":"2026-04-20T03:35:17","modified_gmt":"2026-04-20T03:35:17","slug":"neue-eu-bauproduktenverordnung-startet-mit-strengen-umweltregeln","status":"publish","type":"post","link":"https:\/\/www.europesays.com\/de\/958822\/","title":{"rendered":"Neue EU-Bauproduktenverordnung startet mit strengen Umweltregeln"},"content":{"rendered":"<p>Die versch\u00e4rfte EU-Verordnung verpflichtet Hersteller zu CO?-Deklaration und digitalem Produktpass. Ein neues Pr\u00fcfsystem soll Greenwashing verhindern und die Bauwirtschaft bis 2040 kreislauff\u00e4hig machen.<\/p>\n<p>Seit Jahresbeginn gilt die versch\u00e4rfte Bauproduktenverordnung (CPR), die Hersteller zu umfassenden Umweltdaten und digitaler Dokumentation verpflichtet. Das Ziel: Der Bausektor soll gr\u00fcner und transparenter werden.<\/p>\n<p>Doppelter Druck: CO?-Bilanz und Digitalpass<\/p>\n<p>Ab sofort m\u00fcssen Hersteller von Schl\u00fcsselprodukten wie Stahl und Zement den <strong>CO?-Fu\u00dfabdruck<\/strong> ihrer Ware offenlegen. Diese Pflicht zur Angabe des globalen Erw\u00e4rmungspotenzials (GWP) ist nur der erste Schritt. Bis 2032 soll ein ganzer Katalog von Nachhaltigkeitskennzahlen folgen. Parallel ersetzt eine neue <strong>einheitliche Konformit\u00e4tserkl\u00e4rung<\/strong> (DoPC) die alten Leistungserkl\u00e4rungen. Sie b\u00fcndelt technische und \u00f6kologische Daten \u2013 Nachhaltigkeit wird damit zum festen Bestandteil der CE-Kennzeichnung.<\/p>\n<p>Anzeige<\/p>\n<p>Die neuen EU-Vorgaben fordern von Unternehmen eine l\u00fcckenlose Dokumentation ihrer Prozesse. Mit diesem kostenlosen Ratgeber erhalten Sie eine fertige Word-Vorlage und eine Schritt-f\u00fcr-Schritt-Anleitung, um rechtssichere Betriebsanweisungen schnell und einfach selbst zu erstellen. <strong><a href=\"https:\/\/www.news-arbeitssicherheit.de\/betriebsanweisung-muster\/?af=KOOP_MFW_GAN_DNV_YES_BETRIEBSANWEISUNG-MUSTER_X-RSS-Ad-Hoc-News-AD1of2-EAID-849073\" rel=\"noopener nofollow\" style=\"color: #337ab7 !important; font-weight: bold; text-decoration: underline;\" target=\"_blank\">Betriebsanweisung in wenigen Minuten fertig: Kostenlose Word-Vorlage jetzt herunterladen<\/a><\/strong><\/p>\n<p>Das Herzst\u00fcck der Reform ist jedoch der <strong>digitale Produktpass (DPP)<\/strong>. K\u00fcnftig soll ein QR-Code auf dem Baustoff alle relevanten Informationen \u2013 von der Herstellung bis zur Recyclingf\u00e4higkeit \u2013 in digitaler Form zug\u00e4nglich machen. Die vollst\u00e4ndige Einf\u00fchrung dieses Systems l\u00e4uft 2026 an. Der CE-Sticker selbst bekommt eine neue Bedeutung: Er best\u00e4tigt nicht mehr nur Sicherheit, sondern auch Umweltperformance.<\/p>\n<p>Dritter Pr\u00fcfer und straffer Zeitplan<\/p>\n<p>Damit die gr\u00fcnen Bilanzen der Hersteller vergleichbar und vertrauensw\u00fcrdig sind, f\u00fchrt die EU ein neues Pr\u00fcfsystem ein. Unter <strong>\u201eSystem 3+\u201c<\/strong> kontrollieren unabh\u00e4ngige Stellen die firmeneigenen Umweltdaten und Lebenszyklusanalysen. Das soll \u201eGreenwashing\u201c verhindern und f\u00fcr gleiche Wettbewerbsbedingungen sorgen.<\/p>\n<p>Der Weg zur vollst\u00e4ndigen Umsetzung ist lang: Die Kommission hat einen <strong>Arbeitsplan bis 2029<\/strong> vorgelegt, der festlegt, f\u00fcr welche Produktgruppen zuerst neue Standards entwickelt werden. Priorit\u00e4t haben materialintensive G\u00fcter mit gro\u00dfem Marktvolumen und hohem Umweltimpact. Sollte der Standardisierungsprozess stocken, kann die Kommission eigenst\u00e4ndig Vorgaben erlassen \u2013 eine Lehre aus den Verz\u00f6gerungen der alten Verordnung von 2011.<\/p>\n<p>Nationale Strafen und globale Auswirkungen<\/p>\n<p>Die Einhaltung der neuen Regeln wird sch\u00e4rfer \u00fcberwacht. Bis Dezember 2026 m\u00fcssen die EU-Staaten ihre <strong>nationalen Sanktionsregime<\/strong> f\u00fcr Verst\u00f6\u00dfe gegen die Umweltdeklarationen bei der Kommission anmelden. Die Vollziehung beginnt 2027. Spezielle Kontaktstellen in jedem Land koordinieren die Markt\u00fcberwachung, die nun auch Online-H\u00e4ndler und Logistikdienstleister explizit in die Pflicht nimmt.<\/p>\n<p>Anzeige<\/p>\n<p>Wer Waren \u00fcber Grenzen hinweg bewegt, muss nicht nur Umweltvorgaben, sondern auch strikte Exportregeln beachten. Dieser kostenlose PDF-Ratgeber bietet eine Feld-f\u00fcr-Feld-Anleitung, damit Ihre Zollanmeldungen stets korrekt ausgef\u00fcllt sind und Lieferungen problemlos durch die Pr\u00fcfung kommen. <strong><a href=\"https:\/\/www.zoll-und-export-aktuell.de\/ebooks\/zollanmeldung\/?af=KOOP_MFW_LOG_DNV_YES_ZOLLANMELDUNG_X-RSS-Ad-Hoc-News-AD2of2-EAID-849073\" rel=\"noopener nofollow\" style=\"color: #337ab7 !important; font-weight: bold; text-decoration: underline;\" target=\"_blank\">Endlich: Zollanmeldungen fehlerfrei ausf\u00fcllen \u2013 Feld f\u00fcr Feld erkl\u00e4rt<\/a><\/strong><\/p>\n<p>Die Regelungen gelten f\u00fcr alle Produkte auf dem EU-Markt, auch f\u00fcr Importe aus Drittl\u00e4ndern wie den USA oder Gro\u00dfbritannien. Die britische Regierung hat ihre Vorschriften Ende 2025 angepasst, um die Anerkennung CE-gekennzeichneter Produkte beizubehalten und Handelshemmnisse zu vermeiden.<\/p>\n<p>Auf dem Weg zur kreislauff\u00e4higen Bauwirtschaft<\/p>\n<p>Die neue Verordnung ist kein isoliertes Projekt. Sie vernetzt sich mit anderen EU-Initiativen wie der <strong>Geb\u00e4udeenergieeffizienzrichtlinie (EPBD)<\/strong>. Die Produktdaten sollen k\u00fcnftig in die Gesamt-CO?-Bilanz ganzer Bauprojekte einflie\u00dfen. Bis Jahresende wird zudem eine Folgenabsch\u00e4tzung f\u00fcr <strong>gr\u00fcne \u00f6ffentliche Beschaffung<\/strong> erwartet. Das k\u00f6nnte zu verbindlichen Umweltmindeststandards in \u00f6ffentlichen Ausschreibungen f\u00fchren \u2013 ein starker Anreiz f\u00fcr die Industrie.<\/p>\n<p>Die Vision ist klar: Bis 2030 sollen f\u00fcr fast alle Bauprodukte Kern-Umweltkennzahlen Pflicht sein. Bis 2040, wenn die alten Regeln vollst\u00e4ndig auslaufen, soll eine digitalisierte und weitgehend kreislauff\u00e4hige Bauwirtschaft Realit\u00e4t sein. Die Branche hat eine anspruchsvolle Transformation vor sich.<\/p>\n","protected":false},"excerpt":{"rendered":"Die versch\u00e4rfte EU-Verordnung verpflichtet Hersteller zu CO?-Deklaration und digitalem Produktpass. Ein neues Pr\u00fcfsystem soll Greenwashing verhindern und die&hellip;\n","protected":false},"author":2,"featured_media":958823,"comment_status":"","ping_status":"","sticky":false,"template":"","format":"standard","meta":{"footnotes":"","_share_on_mastodon":"0"},"categories":[3933],"tags":[331,332,10034,208557,548,208555,123734,663,158,3934,3935,3308,13,58070,14,15,208558,208559,12,208556],"class_list":["post-958822","post","type-post","status-publish","format-standard","has-post-thumbnail","category-eu","tag-aktuelle-nachrichten","tag-aktuelle-news","tag-bauwirtschaft","tag-co-deklaration","tag-eu","tag-eu-bauproduktenverordnung","tag-eu-verordnung","tag-europa","tag-europaeische-union","tag-europe","tag-european-union","tag-greenwashing","tag-headlines","tag-hersteller","tag-nachrichten","tag-news","tag-produktpass","tag-pruefsystem","tag-schlagzeilen","tag-umweltregeln"],"share_on_mastodon":{"url":"https:\/\/pubeurope.com\/@de\/116434942624414215","error":""},"_links":{"self":[{"href":"https:\/\/www.europesays.com\/de\/wp-json\/wp\/v2\/posts\/958822","targetHints":{"allow":["GET"]}}],"collection":[{"href":"https:\/\/www.europesays.com\/de\/wp-json\/wp\/v2\/posts"}],"about":[{"href":"https:\/\/www.europesays.com\/de\/wp-json\/wp\/v2\/types\/post"}],"author":[{"embeddable":true,"href":"https:\/\/www.europesays.com\/de\/wp-json\/wp\/v2\/users\/2"}],"replies":[{"embeddable":true,"href":"https:\/\/www.europesays.com\/de\/wp-json\/wp\/v2\/comments?post=958822"}],"version-history":[{"count":0,"href":"https:\/\/www.europesays.com\/de\/wp-json\/wp\/v2\/posts\/958822\/revisions"}],"wp:featuredmedia":[{"embeddable":true,"href":"https:\/\/www.europesays.com\/de\/wp-json\/wp\/v2\/media\/958823"}],"wp:attachment":[{"href":"https:\/\/www.europesays.com\/de\/wp-json\/wp\/v2\/media?parent=958822"}],"wp:term":[{"taxonomy":"category","embeddable":true,"href":"https:\/\/www.europesays.com\/de\/wp-json\/wp\/v2\/categories?post=958822"},{"taxonomy":"post_tag","embeddable":true,"href":"https:\/\/www.europesays.com\/de\/wp-json\/wp\/v2\/tags?post=958822"}],"curies":[{"name":"wp","href":"https:\/\/api.w.org\/{rel}","templated":true}]}}