{"id":958855,"date":"2026-04-20T03:53:15","date_gmt":"2026-04-20T03:53:15","guid":{"rendered":"https:\/\/www.europesays.com\/de\/958855\/"},"modified":"2026-04-20T03:53:15","modified_gmt":"2026-04-20T03:53:15","slug":"kaiserstrasse-dortmund-neue-radverkehrsregelung-sorgt-fuer-debatten","status":"publish","type":"post","link":"https:\/\/www.europesays.com\/de\/958855\/","title":{"rendered":"Kaiserstra\u00dfe Dortmund: Neue Radverkehrsregelung sorgt f\u00fcr Debatten"},"content":{"rendered":"<p>\t\tRadverkehr auf der Kaiserstra\u00dfe<br \/>\n\t\t\t\t\tNeue Einbahnregelung sorgt f\u00fcr Diskussionen<\/p>\n<p>    <a href=\"https:\/\/www.ruhrnachrichten.de\/wp-content\/uploads\/2026\/04\/18\/14\/630_0900_6074201_-1648x824.jpg\" rel=\"nofollow noopener\" target=\"_blank\"><\/p>\n<p>            <img loading=\"lazy\" decoding=\"async\" src=\"https:\/\/www.europesays.com\/de\/wp-content\/uploads\/2026\/04\/630_0900_6074200_-640x428.jpg\" width=\"640\" height=\"428\"  alt=\"Y\u00fcksel Akarsu ist Betreiber der Lottoannahmestelle in der Kaiserstra\u00dfe.\"\/><\/p>\n<p>    <\/a><br \/>\n    Y\u00fcksel Akarsu ist Betreiber der Lottoannahmestelle in der Kaiserstra\u00dfe. Jeden Tag erlebt er den Konflikt zwischen Fu\u00dfg\u00e4ngern und Radfahrern. \u00a9 Felix Abrahams<\/p>\n<p class=\"article__teaser-text\">In der Kaiserstra\u00dfe teilen sich Fu\u00dfg\u00e4nger und Radfahrer einen Weg. Das sorgt schon lange f\u00fcr Konflikte. Jetzt soll eine neue Regelung f\u00fcr Entlastung sorgen.<\/p>\n<p>3 Min Lesezeit<\/p>\n<p>Neue Regelung soll Konflikte entsch\u00e4rfenBeschwerde bei der Bezirksregierung<\/p>\n","protected":false},"excerpt":{"rendered":"Radverkehr auf der Kaiserstra\u00dfe Neue Einbahnregelung sorgt f\u00fcr Diskussionen Y\u00fcksel Akarsu ist Betreiber der Lottoannahmestelle in der Kaiserstra\u00dfe.&hellip;\n","protected":false},"author":2,"featured_media":958856,"comment_status":"","ping_status":"","sticky":false,"template":"","format":"standard","meta":{"footnotes":"","_share_on_mastodon":"0"},"categories":[1833],"tags":[18000,3364,29,217,30,1209,3587],"class_list":["post-958855","post","type-post","status-publish","format-standard","has-post-thumbnail","category-dortmund","tag-radwege","tag-de","tag-deutschland","tag-dortmund","tag-germany","tag-nordrhein-westfalen","tag-verkehr-mobilitaet"],"share_on_mastodon":{"url":"https:\/\/pubeurope.com\/@de\/116435013305161500","error":""},"_links":{"self":[{"href":"https:\/\/www.europesays.com\/de\/wp-json\/wp\/v2\/posts\/958855","targetHints":{"allow":["GET"]}}],"collection":[{"href":"https:\/\/www.europesays.com\/de\/wp-json\/wp\/v2\/posts"}],"about":[{"href":"https:\/\/www.europesays.com\/de\/wp-json\/wp\/v2\/types\/post"}],"author":[{"embeddable":true,"href":"https:\/\/www.europesays.com\/de\/wp-json\/wp\/v2\/users\/2"}],"replies":[{"embeddable":true,"href":"https:\/\/www.europesays.com\/de\/wp-json\/wp\/v2\/comments?post=958855"}],"version-history":[{"count":0,"href":"https:\/\/www.europesays.com\/de\/wp-json\/wp\/v2\/posts\/958855\/revisions"}],"wp:featuredmedia":[{"embeddable":true,"href":"https:\/\/www.europesays.com\/de\/wp-json\/wp\/v2\/media\/958856"}],"wp:attachment":[{"href":"https:\/\/www.europesays.com\/de\/wp-json\/wp\/v2\/media?parent=958855"}],"wp:term":[{"taxonomy":"category","embeddable":true,"href":"https:\/\/www.europesays.com\/de\/wp-json\/wp\/v2\/categories?post=958855"},{"taxonomy":"post_tag","embeddable":true,"href":"https:\/\/www.europesays.com\/de\/wp-json\/wp\/v2\/tags?post=958855"}],"curies":[{"name":"wp","href":"https:\/\/api.w.org\/{rel}","templated":true}]}}