{"id":958861,"date":"2026-04-20T03:56:17","date_gmt":"2026-04-20T03:56:17","guid":{"rendered":"https:\/\/www.europesays.com\/de\/958861\/"},"modified":"2026-04-20T03:56:17","modified_gmt":"2026-04-20T03:56:17","slug":"tempokontrollen-in-duesseldorf-hier-wird-in-dieser-woche-geblitzt","status":"publish","type":"post","link":"https:\/\/www.europesays.com\/de\/958861\/","title":{"rendered":"Tempokontrollen in D\u00fcsseldorf: Hier wird in dieser Woche geblitzt"},"content":{"rendered":"<p>Tempokontrollen in D\u00fcsseldorf <\/p>\n<p>Hier wird in dieser Woche geblitzt<\/p>\n<p>20.04.2026 &#8211; 05:22 UhrLesedauer: 1 Min.<\/p>\n<p><a href=\"#focus-0\" class=\"transition-colors duration-200 block text-current relative\" data-sctrack=\"FocusGalleryImage.Reference\"><img fetchpriority=\"high\" data-testid=\"Opener.Image\" style=\"--lqipURL:url('https:\/\/images.t-online.de\/2026\/04\/01LgZBOlHhZI\/0x208:4000x2250\/fit-in\/150x0\/filters:blur(25)\/image.jpg')\"   loading=\"eager\" src=\"https:\/\/www.europesays.com\/de\/wp-content\/uploads\/2026\/04\/1776657377_215_image.jpg\" alt=\"imago images 168825989\" title=\"imago images 168825989\" width=\"4000\" height=\"2250\" class=\"bg-[url:var(--lqipURL)] bg-cover bg-center flex h-full w-full max-w-full\" decoding=\"async\"\/><img style=\"--width:32;--height:32\" loading=\"lazy\" src=\"https:\/\/duesseldorf.t-online.de\/s\/paper\/_next\/static\/media\/zoom-in.f7dae02f.svg\" alt=\"Vergr\u00f6\u00dfern des Bildes\" title=\"Vergr\u00f6\u00dfern des Bildes\" class=\"block h-[calc(var(--height)_\/_16_*_1rem)] w-[calc(var(--width)_\/_16_*_1rem)] max-w-none absolute bottom-8 right-8 rounded-4 bg-snow p-8\" decoding=\"async\"\/><\/a><\/p>\n<p>Ein mobiler Blitzer in D\u00fcsseldorf (Symbolbild): Die Landeshauptstadt k\u00fcndigt regelm\u00e4\u00dfig an, wo geblitzt wird. (Quelle: IMAGO\/Michael Gstettenbauer)<\/p>\n<p class=\"font-bold text-18 leading-17 user-text-lg:text-22 user-text-xl:text-24\">Wer in D\u00fcsseldorf unterwegs ist, sollte den Blick auf den Tacho richten. Das Ordnungsamt setzt erneut auf zahlreiche Geschwindigkeitskontrollen in der Stadt.<\/p>\n<p class=\"text-18 leading-17 user-text-lg:text-22 user-text-xl:text-24\">Auch in dieser Woche wird wieder aktiv in D\u00fcsseldorf geblitzt. Autofahrer sollten darauf achten, die vorgeschriebenen Tempolimits einzuhalten, um b\u00f6se \u00dcberraschungen zu vermeiden.<\/p>\n<p class=\"text-18 leading-17 user-text-lg:text-22 user-text-xl:text-24\">Das Ordnungsamt k\u00fcndigt an, an verschiedenen Stellen im Stadtgebiet Kontrollen durchzuf\u00fchren. W\u00e4hrend einige Messstellen \u00f6ffentlich gemacht werden, kann es auch zu unangek\u00fcndigten Tempokontrollen kommen.<\/p>\n","protected":false},"excerpt":{"rendered":"Tempokontrollen in D\u00fcsseldorf Hier wird in dieser Woche geblitzt 20.04.2026 &#8211; 05:22 UhrLesedauer: 1 Min. Ein mobiler Blitzer&hellip;\n","protected":false},"author":2,"featured_media":958862,"comment_status":"","ping_status":"","sticky":false,"template":"","format":"standard","meta":{"footnotes":"","_share_on_mastodon":"0"},"categories":[1831],"tags":[6027,7071,3364,29,3405,30,3565,208568,3467,1209,176,8179],"class_list":["post-958861","post","type-post","status-publish","format-standard","has-post-thumbnail","category-duesseldorf","tag-ordnungsamt","tag-blitzeranlage","tag-de","tag-deutschland","tag-duesseldorf","tag-germany","tag-geschwindigkeitskontrolle","tag-kaiserswerther-strasse","tag-landeshauptstadt","tag-nordrhein-westfalen","tag-nrw","tag-tempokontrolle"],"share_on_mastodon":{"url":"https:\/\/pubeurope.com\/@de\/116435025216030570","error":""},"_links":{"self":[{"href":"https:\/\/www.europesays.com\/de\/wp-json\/wp\/v2\/posts\/958861","targetHints":{"allow":["GET"]}}],"collection":[{"href":"https:\/\/www.europesays.com\/de\/wp-json\/wp\/v2\/posts"}],"about":[{"href":"https:\/\/www.europesays.com\/de\/wp-json\/wp\/v2\/types\/post"}],"author":[{"embeddable":true,"href":"https:\/\/www.europesays.com\/de\/wp-json\/wp\/v2\/users\/2"}],"replies":[{"embeddable":true,"href":"https:\/\/www.europesays.com\/de\/wp-json\/wp\/v2\/comments?post=958861"}],"version-history":[{"count":0,"href":"https:\/\/www.europesays.com\/de\/wp-json\/wp\/v2\/posts\/958861\/revisions"}],"wp:featuredmedia":[{"embeddable":true,"href":"https:\/\/www.europesays.com\/de\/wp-json\/wp\/v2\/media\/958862"}],"wp:attachment":[{"href":"https:\/\/www.europesays.com\/de\/wp-json\/wp\/v2\/media?parent=958861"}],"wp:term":[{"taxonomy":"category","embeddable":true,"href":"https:\/\/www.europesays.com\/de\/wp-json\/wp\/v2\/categories?post=958861"},{"taxonomy":"post_tag","embeddable":true,"href":"https:\/\/www.europesays.com\/de\/wp-json\/wp\/v2\/tags?post=958861"}],"curies":[{"name":"wp","href":"https:\/\/api.w.org\/{rel}","templated":true}]}}