{"id":958967,"date":"2026-04-20T05:05:37","date_gmt":"2026-04-20T05:05:37","guid":{"rendered":"https:\/\/www.europesays.com\/de\/958967\/"},"modified":"2026-04-20T05:05:37","modified_gmt":"2026-04-20T05:05:37","slug":"17-04-feuer-in-kleingartenanlage-huette-stand-in-vollbrand","status":"publish","type":"post","link":"https:\/\/www.europesays.com\/de\/958967\/","title":{"rendered":"17.04.: Feuer in Kleingartenanlage: H\u00fctte stand in Vollbrand"},"content":{"rendered":"<p>&#13;<br \/>\n            <b>K\u00f6nigswinter<\/b>. Eine Rauchs\u00e4ule wies den Einsatzkr\u00e4ften der Freiwilligen Feuerwehr K\u00f6nigswinter am Freitagabend den Weg zu einer brennenden Gartenh\u00fctte in Oberdollendorf. Das Feuer in einer Kleingartenanlage am Reihb\u00e4umer Weg konnte von den Wehrleuten schnell gel\u00f6scht und eine Ausdehnung auf Vegetation und andere H\u00fctten in der Umgebung verhindert werden. <\/p>\n<p>Um 20.43 Uhr war die Feuerwehr am Freitagabend zu dem Einsatz in der Kleingartenanlage alarmiert worden. Es brannte eine rund 15 Quadratmeter gro\u00dfe Gartenh\u00fctte in voller Ausdehnung. Schnell gelang es den unter Atemschutz vorgehenden Kr\u00e4ften das Feuer mit einem Rohr einzud\u00e4mmen und eine Ausdehnung zu verhindern. Die Zerst\u00f6rung des Brandobjektes konnte jedoch nicht mehr verhindert werden. Eine L\u00f6schwasserleitung wurde zur Versorgung vorsorglich aus der Gartenanlage bis zur C\u00e4sariusstra\u00dfe aufgebaut. Hier kam es zu kleineren Verkehrsbehinderungen durch eine Teilsperrung. <\/p>\n<p>Der Einsatz der 30 Wehrleute der Einheiten Nieder- und Oberdollendorf endete nach Kontrolle mit einer W\u00e4rmebildkamera gegen 22.24 Uhr. Die ebenfalls ausger\u00fcckten Einheiten Altstadt und Bonn-Oberkassel mussten nicht mehr eingesetzt werden. Die Polizei Bonn nahm abschlie\u00dfend Ermittlungen zur Brandursache auf. Pressemitteilung Freiwillige Feuerwehr K\u00f6nigswinter <\/p>\n<p>                <a href=\"https:\/\/www.blick-aktuell.de\/Nachrichten\/1604-Nach-Auftragsmord-in-Koeln-Tatverdaechtiger-von-schwedischen-Behoerden-nach-Deutschland-ausgel-661121.html?StoryId=661131\" rel=\"nofollow noopener\" target=\"_blank\">&#13;<br \/>\n                  <img decoding=\"async\" class=\"img-responsive WebStoryLink-Image\" src=\"https:\/\/www.europesays.com\/de\/wp-content\/uploads\/2026\/04\/1604-Nach-Auftragsmord-in-Koeln-Tatverdaechtiger-von-schwedischen-Behoerden-nach-Deutschland-ausgel-.jpeg\" alt=\"16.04.: Nach versuchtem Auftragsmord in K\u00f6ln: Tatverd\u00e4chtiger von schwedischen Beh\u00f6rden nach Deutsch\"\/>&#13;<br \/>\n                <\/a><\/p>\n<p>                <a href=\"https:\/\/www.blick-aktuell.de\/Nachrichten\/1804-Trunkenheit-am-Steuer-Mann-zwei-Mal-in-einer-Nacht-von-der-Polizei-erwischt-661120.html?StoryId=661131\" rel=\"nofollow noopener\" target=\"_blank\">&#13;<br \/>\n                  <img decoding=\"async\" class=\"img-responsive WebStoryLink-Image\" src=\"https:\/\/www.europesays.com\/de\/wp-content\/uploads\/2026\/04\/1804-Trunkenheit-am-Steuer-Mann-zwei-Mal-in-einer-Nacht-von-der-Polizei-erwischt-661120t.jpg\" alt=\"18.04.: Trunkenheit am Steuer: Mann zwei Mal in einer Nacht von der Polizei erwischt\"\/>&#13;<br \/>\n                <\/a><\/p>\n<p>                <a href=\"https:\/\/www.blick-aktuell.de\/Nachrichten\/1704-Unfall-auf-der-L255-Autofahrer-nach-Unfall-mit-LKW-schwer-verletzt-661118.html?StoryId=661131\" rel=\"nofollow noopener\" target=\"_blank\">&#13;<br \/>\n                  <img decoding=\"async\" class=\"img-responsive WebStoryLink-Image\" src=\"https:\/\/www.europesays.com\/de\/wp-content\/uploads\/2026\/04\/1704-Unfall-auf-der-L255-Autofahrer-nach-Unfall-mit-LKW-schwer-verletzt-661118t.jpg\" alt=\"17.04.: Unfall auf der L255: Autofahrer nach Kollision mit LKW schwer verletzt\"\/>&#13;<br \/>\n                <\/a><\/p>\n<p>                <a href=\"https:\/\/www.blick-aktuell.de\/Berichte\/Quiz-Wie-gut-kennt-ihr-euch-in-Bonn-und-dem-Rhein-Sieg-Kreis-aus-643202.html?StoryId=661131\" rel=\"nofollow noopener\" target=\"_blank\">&#13;<br \/>\n                  <img decoding=\"async\" class=\"img-responsive WebStoryLink-Image\" src=\"https:\/\/www.europesays.com\/de\/wp-content\/uploads\/2025\/10\/Quiz-Wie-gut-kennt-ihr-euch-in-Bonn-und-dem-Rhein-Sieg-Kreis-aus-643202t.jpg\" alt=\"Quiz: Wie gut kennt ihr euch in Bonn und dem Rhein-Sieg-Kreis aus?\"\/>&#13;<br \/>\n                <\/a><\/p>\n","protected":false},"excerpt":{"rendered":"&#13; K\u00f6nigswinter. Eine Rauchs\u00e4ule wies den Einsatzkr\u00e4ften der Freiwilligen Feuerwehr K\u00f6nigswinter am Freitagabend den Weg zu einer brennenden&hellip;\n","protected":false},"author":2,"featured_media":958968,"comment_status":"","ping_status":"","sticky":false,"template":"","format":"standard","meta":{"footnotes":"","_share_on_mastodon":"0"},"categories":[1842],"tags":[17628,1741,3364,29,30,1209,121],"class_list":["post-958967","post","type-post","status-publish","format-standard","has-post-thumbnail","category-bonn","tag-knigswinter","tag-bonn","tag-de","tag-deutschland","tag-germany","tag-nordrhein-westfalen","tag-polizei"],"share_on_mastodon":{"url":"https:\/\/pubeurope.com\/@de\/116435297086705855","error":""},"_links":{"self":[{"href":"https:\/\/www.europesays.com\/de\/wp-json\/wp\/v2\/posts\/958967","targetHints":{"allow":["GET"]}}],"collection":[{"href":"https:\/\/www.europesays.com\/de\/wp-json\/wp\/v2\/posts"}],"about":[{"href":"https:\/\/www.europesays.com\/de\/wp-json\/wp\/v2\/types\/post"}],"author":[{"embeddable":true,"href":"https:\/\/www.europesays.com\/de\/wp-json\/wp\/v2\/users\/2"}],"replies":[{"embeddable":true,"href":"https:\/\/www.europesays.com\/de\/wp-json\/wp\/v2\/comments?post=958967"}],"version-history":[{"count":0,"href":"https:\/\/www.europesays.com\/de\/wp-json\/wp\/v2\/posts\/958967\/revisions"}],"wp:featuredmedia":[{"embeddable":true,"href":"https:\/\/www.europesays.com\/de\/wp-json\/wp\/v2\/media\/958968"}],"wp:attachment":[{"href":"https:\/\/www.europesays.com\/de\/wp-json\/wp\/v2\/media?parent=958967"}],"wp:term":[{"taxonomy":"category","embeddable":true,"href":"https:\/\/www.europesays.com\/de\/wp-json\/wp\/v2\/categories?post=958967"},{"taxonomy":"post_tag","embeddable":true,"href":"https:\/\/www.europesays.com\/de\/wp-json\/wp\/v2\/tags?post=958967"}],"curies":[{"name":"wp","href":"https:\/\/api.w.org\/{rel}","templated":true}]}}