{"id":959053,"date":"2026-04-20T05:59:28","date_gmt":"2026-04-20T05:59:28","guid":{"rendered":"https:\/\/www.europesays.com\/de\/959053\/"},"modified":"2026-04-20T05:59:28","modified_gmt":"2026-04-20T05:59:28","slug":"ratsbuergerentscheid-in-aachen-olympia-abstimmung-bringt-ergebnis","status":"publish","type":"post","link":"https:\/\/www.europesays.com\/de\/959053\/","title":{"rendered":"Ratsb\u00fcrgerentscheid in Aachen: Olympia\u2013Abstimmung bringt Ergebnis"},"content":{"rendered":"<p>Ratsb\u00fcrgerentscheid <\/p>\n<p>Olympia in Aachen: So hat die Stadt abgestimmt<\/p>\n<p>Aktualisiert am 20.04.2026 &#8211; 07:24 UhrLesedauer: 2 Min.<\/p>\n<p><a href=\"#focus-0\" class=\"transition-colors duration-200 block text-current relative\" data-sctrack=\"FocusGalleryImage.Reference\"><img fetchpriority=\"high\" data-testid=\"Opener.Image\" style=\"--lqipURL:url('https:\/\/images.t-online.de\/2026\/04\/9b8NwGWKvjDi\/0x146:2048x1152\/fit-in\/150x0\/filters:blur(25)\/olympia-flagge-symbolbild-in-aachen-und-anderen-nrw-staedten-wurde-am-sonntag-abgestimmt.jpg')\"   loading=\"eager\" src=\"https:\/\/www.europesays.com\/de\/wp-content\/uploads\/2026\/04\/olympia-flagge-symbolbild-in-aachen-und-anderen-nrw-staedten-wurde-am-sonntag-abgestimmt.jpg\" alt=\"Olympia-Flagge (Symbolbild): In Aachen und anderen NRW-St\u00e4dten wurde am Sonntag abgestimmt.\" title=\"Olympia-Flagge (Symbolbild): In Aachen und anderen NRW-St\u00e4dten wurde am Sonntag abgestimmt.\" width=\"2048\" height=\"1152\" class=\"bg-[url:var(--lqipURL)] bg-cover bg-center flex h-full w-full max-w-full\" decoding=\"async\"\/><img style=\"--width:32;--height:32\" loading=\"lazy\" src=\"https:\/\/aachen.t-online.de\/s\/paper\/_next\/static\/media\/zoom-in.f7dae02f.svg\" alt=\"Vergr\u00f6\u00dfern des Bildes\" title=\"Vergr\u00f6\u00dfern des Bildes\" class=\"block h-[calc(var(--height)_\/_16_*_1rem)] w-[calc(var(--width)_\/_16_*_1rem)] max-w-none absolute bottom-8 right-8 rounded-4 bg-snow p-8\" decoding=\"async\"\/><\/a><\/p>\n<p>Olympia-Flagge (Symbolbild): In Aachen und anderen NRW-St\u00e4dten wurde am Sonntag abgestimmt. (Quelle: Mike Egerton\/dpa)<\/p>\n<p class=\"font-bold text-18 leading-17 user-text-lg:text-22 user-text-xl:text-24\">Aachen hat am Sonntag f\u00fcr die Olympia-Bewerbung gestimmt. In anderen St\u00e4dten war es knapper. Die Ergebnisse im \u00dcberblick.<\/p>\n<p class=\"text-18 leading-17 user-text-lg:text-22 user-text-xl:text-24\">Beim Ratsb\u00fcrgerentscheid in Aachen haben sich die B\u00fcrgerinnen und B\u00fcrger klar f\u00fcr eine Olympia-Bewerbung ausgesprochen: Laut vorl\u00e4ufigem Ergebnis stimmten 76,29 Prozent der Wahlberechtigten daf\u00fcr, dass sich Aachen gemeinsam mit 16 weiteren Kommunen in Nordrhein-Westfalen um die Ausrichtung der Olympischen und Paralympischen Sommerspiele 2036, 2040 oder 2044 bewirbt. Nur 23,71 Prozent lehnten die Bewerbung ab. Das erforderliche Quorum wurde ebenfalls erreicht.<\/p>\n<p class=\"text-18 leading-17 user-text-lg:text-22 user-text-xl:text-24\">Mit insgesamt mehr als vier Millionen Menschen durften in Nordrhein-Westfalen mehr Menschen \u00fcber eine Olympia-Bewerbung abstimmen als bei den Mitbewerbern M\u00fcnchen, Hamburg und Berlin. In der deutschen Hauptstadt sieht die Verfassung keine Abstimmung vor, in Hamburg findet diese am 31. Mai statt.<\/p>\n<p class=\"text-18 leading-17 user-text-lg:text-22 user-text-xl:text-24\">Neben Aachen entschieden auch 16 weitere Kommunen am Sonntag \u00fcber die Olympia-Bewerbung, darunter auch Duisburg, Dortmund, Bochum, Essen oder Aachen. Keine andere deutsche Bewerbung setzt dabei auf die Zustimmung so vieler einzelner Kommunen.<\/p>\n","protected":false},"excerpt":{"rendered":"Ratsb\u00fcrgerentscheid Olympia in Aachen: So hat die Stadt abgestimmt Aktualisiert am 20.04.2026 &#8211; 07:24 UhrLesedauer: 2 Min. Olympia-Flagge&hellip;\n","protected":false},"author":2,"featured_media":959054,"comment_status":"","ping_status":"","sticky":false,"template":"","format":"standard","meta":{"footnotes":"","_share_on_mastodon":"0"},"categories":[1853],"tags":[31483,1424,7507,3364,29,217,3715,3405,3688,548,663,3934,30,692,13,2375,1268,14,15,1209,656,42180,11877,131032,12],"class_list":["post-959053","post","type-post","status-publish","format-standard","has-post-thumbnail","category-aachen","tag-herten","tag-aachen","tag-bochum","tag-de","tag-deutschland","tag-dortmund","tag-duisburg","tag-duesseldorf","tag-essen","tag-eu","tag-europa","tag-europe","tag-germany","tag-hamburg","tag-headlines","tag-leverkusen","tag-muenchen","tag-nachrichten","tag-news","tag-nordrhein-westfalen","tag-olympia","tag-olympische-sommerspiele","tag-pulheim","tag-ratsbuergerentscheid","tag-schlagzeilen"],"share_on_mastodon":{"url":"https:\/\/pubeurope.com\/@de\/116435508835976988","error":""},"_links":{"self":[{"href":"https:\/\/www.europesays.com\/de\/wp-json\/wp\/v2\/posts\/959053","targetHints":{"allow":["GET"]}}],"collection":[{"href":"https:\/\/www.europesays.com\/de\/wp-json\/wp\/v2\/posts"}],"about":[{"href":"https:\/\/www.europesays.com\/de\/wp-json\/wp\/v2\/types\/post"}],"author":[{"embeddable":true,"href":"https:\/\/www.europesays.com\/de\/wp-json\/wp\/v2\/users\/2"}],"replies":[{"embeddable":true,"href":"https:\/\/www.europesays.com\/de\/wp-json\/wp\/v2\/comments?post=959053"}],"version-history":[{"count":0,"href":"https:\/\/www.europesays.com\/de\/wp-json\/wp\/v2\/posts\/959053\/revisions"}],"wp:featuredmedia":[{"embeddable":true,"href":"https:\/\/www.europesays.com\/de\/wp-json\/wp\/v2\/media\/959054"}],"wp:attachment":[{"href":"https:\/\/www.europesays.com\/de\/wp-json\/wp\/v2\/media?parent=959053"}],"wp:term":[{"taxonomy":"category","embeddable":true,"href":"https:\/\/www.europesays.com\/de\/wp-json\/wp\/v2\/categories?post=959053"},{"taxonomy":"post_tag","embeddable":true,"href":"https:\/\/www.europesays.com\/de\/wp-json\/wp\/v2\/tags?post=959053"}],"curies":[{"name":"wp","href":"https:\/\/api.w.org\/{rel}","templated":true}]}}