{"id":959567,"date":"2026-04-20T11:05:28","date_gmt":"2026-04-20T11:05:28","guid":{"rendered":"https:\/\/www.europesays.com\/de\/959567\/"},"modified":"2026-04-20T11:05:28","modified_gmt":"2026-04-20T11:05:28","slug":"frankfurt-flughafen-terminal-3-das-aendert-sich-jetzt-fuer-reisende","status":"publish","type":"post","link":"https:\/\/www.europesays.com\/de\/959567\/","title":{"rendered":"Frankfurt Flughafen: Terminal 3 \u2013 das \u00e4ndert sich jetzt f\u00fcr Reisende"},"content":{"rendered":"<p>Flughafen Frankfurt <\/p>\n<p>Terminal 3 wird er\u00f6ffnet: Das wird f\u00fcr Reisende jetzt wichtig<\/p>\n<p>Aktualisiert am 20.04.2026 &#8211; 13:02 UhrLesedauer: 3 Min.<\/p>\n<p><a href=\"#focus-0\" class=\"transition-colors duration-200 block text-current relative\" data-sctrack=\"FocusGalleryImage.Reference\"><img fetchpriority=\"high\" data-testid=\"Opener.Image\" style=\"--lqipURL:url('https:\/\/images.t-online.de\/2026\/04\/369AoAg2PBuA\/0x0:4000x2250\/fit-in\/150x0\/filters:blur(25)\/probebetrieb-im-neuen-terminal-3-am-flughafen-frankfurt-frankfurt-10-032026-ein-flugzeug-der-lufthansa-cityline-und-ein-flugzeug-von-gulf-air-stehen-auf-dem-vorfeld-vor-dem-neuen-terminal-3-des-flughafens-frankfurt-die-gulf-air-maschine-ist-dort-aufgrund-von-luftraumsperrungen-ueber-der-arabischen-halbinsel-abgestellt-frankfurt-rhein-main-flughafen-hessen-deutschland-trial-operation-in-the-new-terminal-3-at-frankfurt-airport-frankfurt-10-03-2026-a-lufthansa-cityline-aircraft-and-a-gulf-air-aircraf.jpg')\"   loading=\"eager\" src=\"https:\/\/www.europesays.com\/de\/wp-content\/uploads\/2026\/04\/probebetrieb-im-neuen-terminal-3-am-flughafen-frankfurt-frankfurt-10-032026-ein-flugzeug-der-lufthan.jpeg\" alt=\"imago images 0850287451\" title=\"imago images 0850287451\" width=\"4000\" height=\"2250\" class=\"bg-[url:var(--lqipURL)] bg-cover bg-center flex h-full w-full max-w-full\" decoding=\"async\"\/><img style=\"--width:32;--height:32\" loading=\"lazy\" src=\"https:\/\/frankfurt.t-online.de\/s\/paper\/_next\/static\/media\/zoom-in.f7dae02f.svg\" alt=\"Vergr\u00f6\u00dfern des Bildes\" title=\"Vergr\u00f6\u00dfern des Bildes\" class=\"block h-[calc(var(--height)_\/_16_*_1rem)] w-[calc(var(--width)_\/_16_*_1rem)] max-w-none absolute bottom-8 right-8 rounded-4 bg-snow p-8\" decoding=\"async\"\/><\/a><\/p>\n<p>Jets auf dem Vorfeld vor dem neuen Terminal 3 des Flughafens Frankfurt (Archivbild): Dieses Terminal allein ist gr\u00f6\u00dfer als die meisten deutschen Flugh\u00e4fen. (Quelle: IMAGO\/Ardan Fuessmann\/imago)<\/p>\n<p><img style=\"--width:16;--height:16\" loading=\"lazy\" src=\"https:\/\/frankfurt.t-online.de\/s\/paper\/_next\/static\/media\/audio-volume.6689034c.svg\" alt=\"\" title=\"\" class=\"block h-[calc(var(--height)_\/_16_*_1rem)] w-[calc(var(--width)_\/_16_*_1rem)] max-w-none group-hover:brightness-0 group-hover:invert\" decoding=\"async\"\/>Vorlesen<\/p>\n<p>Aktuelle Zeit:0:00Gesamtdauer:0:00<\/p>\n<p>1x<\/p>\n<p class=\"text-center\">Jetzt neu bei t-online:<\/p>\n<p class=\"text-center\">Schriftgr\u00f6\u00dfe anpassen!<\/p>\n<p><img style=\"--width:16;--height:16\" loading=\"lazy\" src=\"https:\/\/frankfurt.t-online.de\/s\/paper\/_next\/static\/media\/font-sizes.32942e33.svg\" alt=\"\" title=\"\" class=\"block h-[calc(var(--height)_\/_16_*_1rem)] w-[calc(var(--width)_\/_16_*_1rem)] max-w-none group-hover:hidden group-aria-expanded:hidden\" decoding=\"async\"\/><img style=\"--width:16;--height:16\" loading=\"lazy\" src=\"https:\/\/frankfurt.t-online.de\/s\/paper\/_next\/static\/media\/font-sizes-dark-mode.e382645c.svg\" alt=\"\" title=\"\" class=\"block h-[calc(var(--height)_\/_16_*_1rem)] w-[calc(var(--width)_\/_16_*_1rem)] max-w-none hidden group-hover:block group-aria-expanded:block\" decoding=\"async\"\/><img style=\"--width:16;--height:16\" loading=\"lazy\" src=\"https:\/\/frankfurt.t-online.de\/s\/paper\/_next\/static\/media\/sharing-menu-icon.1eb71368.svg\" alt=\"\" title=\"\" class=\"block h-[calc(var(--height)_\/_16_*_1rem)] w-[calc(var(--width)_\/_16_*_1rem)] max-w-none group-hover:brightness-0 group-hover:invert\" decoding=\"async\"\/>Artikel teilen<\/p>\n<p class=\"font-bold text-18 leading-17 user-text-lg:text-22 user-text-xl:text-24\">Am gr\u00f6\u00dften deutschen Flughafen beginnt eine neue Phase: Terminal 3 geht in Betrieb. Darauf sollten Reisende in Zukunft achten.<\/p>\n<p class=\"text-18 leading-17 user-text-lg:text-22 user-text-xl:text-24\">Am <a class=\"transition-colors duration-200 cursor-pointer text-inherit no-underline text-salemsfur md:hover:text-magenta md:hover:border-magenta md:focus:text-magenta border-current border-b border-solid break-words\" data-tracking=\"{&quot;action&quot;:&quot;click&quot;,&quot;category&quot;:&quot;intextLink&quot;,&quot;label&quot;:&quot;https:\/\/www.t-online.de\/themen\/flughafen-frankfurt\/&quot;}\" href=\"https:\/\/www.t-online.de\/themen\/flughafen-frankfurt\/\" data-sctrack=\"BodyAnchor\" rel=\"nofollow noopener\" target=\"_blank\">Frankfurter Flughafen<\/a> startet in dieser Woche der Betrieb im neuen Terminal 3. Am Mittwoch (22. April) wird der Komplex offiziell er\u00f6ffnet, einen Tag sp\u00e4ter hebt dort erstmals ein Flug ab. F\u00fcr Passagiere bedeutet das gro\u00dfe Ver\u00e4nderungen, die allerdings schrittweise erfolgen.<\/p>\n<p>Terminal 3 in Frankfurt: Erster Abflug am Donnerstag<\/p>\n<p class=\"text-18 leading-17 user-text-lg:text-22 user-text-xl:text-24\">Ab Donnerstag (23. April) starten zun\u00e4chst ausgew\u00e4hlte internationale Airlines vom neuen Terminal im S\u00fcden des Flughafens. Dazu geh\u00f6ren unter anderem Emirates, Qatar Airways, Etihad Airways sowie mehrere asiatische Fluggesellschaften.<\/p>\n<p class=\"text-18 leading-17 user-text-lg:text-22 user-text-xl:text-24\">Grunds\u00e4tzlich gilt: In Terminal 3 werden vor allem Airlines geb\u00fcndelt, die bislang in Terminal 2 abgefertigt wurden \u2013 sofern sie nicht zur Lufthansa-Gruppe oder zur Star Alliance geh\u00f6ren. In den kommenden Wochen wechseln nach und nach weitere Airlines den Standort \u2013 insgesamt rund 57 Fluggesellschaften.<\/p>\n<ul class=\"text-18 leading-17 block pl-24 *:pb-16 *:before:inline-block *:before:size-8 *:before:bg-magenta *:before:-ml-[20px] *:before:mb-2 *:before:mr-12 *:before:mt-0\">\n<li><strong class=\"font-bold\">Flughafen Frankfurt:<\/strong> <a class=\"transition-colors duration-200 cursor-pointer text-inherit no-underline text-salemsfur md:hover:text-magenta md:hover:border-magenta md:focus:text-magenta border-current border-b border-solid break-words\" data-tracking=\"{&quot;action&quot;:&quot;click&quot;,&quot;category&quot;:&quot;intextLink&quot;,&quot;label&quot;:&quot;\/region\/frankfurt-am-main\/id_100947338\/frankfurt-flughafen-terminal-3-eroeffnung-anreise-und-neuerungen.html&quot;}\" href=\"https:\/\/frankfurt.t-online.de\/region\/frankfurt-am-main\/id_100947338\/frankfurt-flughafen-terminal-3-eroeffnung-anreise-und-neuerungen.html\" data-sctrack=\"BodyAnchor\" rel=\"nofollow noopener\" target=\"_blank\">Wie Terminal 3 das Reisen f\u00fcr Millionen Passagiere ver\u00e4ndern soll<\/a><\/li>\n<li><strong class=\"font-bold\">Neues Mega-Terminal:<\/strong> <a class=\"transition-colors duration-200 cursor-pointer text-inherit no-underline text-salemsfur md:hover:text-magenta md:hover:border-magenta md:focus:text-magenta border-current border-b border-solid break-words\" data-tracking=\"{&quot;action&quot;:&quot;click&quot;,&quot;category&quot;:&quot;intextLink&quot;,&quot;label&quot;:&quot;\/region\/frankfurt-am-main\/id_101219174\/flughafen-frankfurt-neues-terminal-3-bauprojekt-ohne-ber-chaos.html&quot;}\" href=\"https:\/\/frankfurt.t-online.de\/region\/frankfurt-am-main\/id_101219174\/flughafen-frankfurt-neues-terminal-3-bauprojekt-ohne-ber-chaos.html\" data-sctrack=\"BodyAnchor\" rel=\"nofollow noopener\" target=\"_blank\">Warum es kein zweiter BER wurde<\/a><\/li>\n<\/ul>\n<p>Wann welche Airline ins Terminal 3 umzieht<\/p>\n<p class=\"text-18 leading-17 user-text-lg:text-22 user-text-xl:text-24\">Der Wechsel erfolgt gestaffelt. Fraport setzt auf vier Phasen, um den Betrieb stabil zu halten. F\u00fcr Reisende bedeutet das: Je nach Datum kann sich das Abflugterminal kurzfristig \u00e4ndern.<\/p>\n<p class=\"text-18 leading-17 user-text-lg:text-22 user-text-xl:text-24\">Eine Ausnahme ist Condor: <a class=\"transition-colors duration-200 cursor-pointer text-inherit no-underline text-salemsfur md:hover:text-magenta md:hover:border-magenta md:focus:text-magenta border-current border-b border-solid break-words\" data-tracking=\"{&quot;action&quot;:&quot;click&quot;,&quot;category&quot;:&quot;intextLink&quot;,&quot;label&quot;:&quot;\/region\/frankfurt-am-main\/id_101147502\/frankfurt-flughafen-fluggesellschaft-condor-zieht-ins-terminal-3.html&quot;}\" href=\"https:\/\/frankfurt.t-online.de\/region\/frankfurt-am-main\/id_101147502\/frankfurt-flughafen-fluggesellschaft-condor-zieht-ins-terminal-3.html\" data-sctrack=\"BodyAnchor\" rel=\"nofollow noopener\" target=\"_blank\">Die Airline zieht erst 2027 um<\/a> und bleibt vorerst im Terminal 1. F\u00fcr Umsteiger kann das k\u00fcnftig l\u00e4ngere Wege bedeuten.<\/p>\n<p class=\"text-18 leading-17 user-text-lg:text-22 user-text-xl:text-24\"><strong class=\"font-bold\">Der Umzug erfolgt in folgenden Wellen:<\/strong><\/p>\n<p class=\"text-18 leading-17 user-text-lg:text-22 user-text-xl:text-24\"><strong class=\"font-bold\">Ab 23. April (Er\u00f6ffnung):<\/strong><br \/>Cathay Pacific, China Airlines, China Eastern Airlines, China Southern Airlines, Emirates, Etihad Airways, Gulf Air, Korean Air, Kuwait Airways, Oman Air, Qatar Airways, Saudia, T\u2019Way Air<\/p>\n<p class=\"text-18 leading-17 user-text-lg:text-22 user-text-xl:text-24\"><strong class=\"font-bold\">Ab 5. Mai:<\/strong><br \/>Air Alg\u00e9rie, Air Astana, Air Cairo, Air Montenegro, Air Serbia, Centrum Air, FlyErbil, Middle East Airlines (MEA), Nesma Airlines, Nouvelair, Qanot Sharq, Royal Air Maroc, Royal Jordanian, SkyUp Airlines, Tunisair, Turkmenistan Airlines, Uzbekistan Airways<\/p>\n<p class=\"text-18 leading-17 user-text-lg:text-22 user-text-xl:text-24\"><strong class=\"font-bold\">Ab 19. Mai:<\/strong><br \/>Aer Lingus, American Airlines, British Airways, Delta Air Lines, Freebird Airlines, HiSky, Japan Airlines (JAL), MIAT Mongolian Airlines, Pegasus Airlines, SriLankan Airlines, TUI fly, Vietnam Airlines<\/p>\n<p class=\"text-18 leading-17 user-text-lg:text-22 user-text-xl:text-24\"><strong class=\"font-bold\">Ab 9. Juni:<\/strong><br \/>Air Europa, Air France, Bulgaria Air, easyJet, Finnair, Iberia, Icelandair, KLM, SAS Scandinavian Airlines, SATA Azores Airlines, SKY Express, TAROM<\/p>\n<p class=\"text-18 leading-17 user-text-lg:text-22 user-text-xl:text-24\">Im weiteren Jahresverlauf ziehen zudem folgende Fluglinien noch um: Air Anka, Corendon Airlines, Nile Air, Star East Airlines.<\/p>\n","protected":false},"excerpt":{"rendered":"Flughafen Frankfurt Terminal 3 wird er\u00f6ffnet: Das wird f\u00fcr Reisende jetzt wichtig Aktualisiert am 20.04.2026 &#8211; 13:02 UhrLesedauer:&hellip;\n","protected":false},"author":2,"featured_media":959568,"comment_status":"","ping_status":"","sticky":false,"template":"","format":"standard","meta":{"footnotes":"","_share_on_mastodon":"0"},"categories":[1829],"tags":[522,3092,3091,13410,208697,208698,44756,29,37442,118991,2109,3089,2050,2051,8351,30,2052,208695,2108,174046,208696,26355],"class_list":["post-959567","post","type-post","status-publish","format-standard","has-post-thumbnail","category-frankfurt-am-main","tag-522","tag-3092","tag-airline","tag-ber","tag-cathay-pacific-airways","tag-china-airlines","tag-condor-flugdienst","tag-deutschland","tag-emirates","tag-etihad-airways","tag-flughafen","tag-flughafen-frankfurt","tag-frankfurt","tag-frankfurt-am-main","tag-fraport","tag-germany","tag-hessen","tag-jal","tag-lufthansa","tag-qatar-airways","tag-staralliance","tag-terminal"],"share_on_mastodon":{"url":"https:\/\/pubeurope.com\/@de\/116436712491297801","error":""},"_links":{"self":[{"href":"https:\/\/www.europesays.com\/de\/wp-json\/wp\/v2\/posts\/959567","targetHints":{"allow":["GET"]}}],"collection":[{"href":"https:\/\/www.europesays.com\/de\/wp-json\/wp\/v2\/posts"}],"about":[{"href":"https:\/\/www.europesays.com\/de\/wp-json\/wp\/v2\/types\/post"}],"author":[{"embeddable":true,"href":"https:\/\/www.europesays.com\/de\/wp-json\/wp\/v2\/users\/2"}],"replies":[{"embeddable":true,"href":"https:\/\/www.europesays.com\/de\/wp-json\/wp\/v2\/comments?post=959567"}],"version-history":[{"count":0,"href":"https:\/\/www.europesays.com\/de\/wp-json\/wp\/v2\/posts\/959567\/revisions"}],"wp:featuredmedia":[{"embeddable":true,"href":"https:\/\/www.europesays.com\/de\/wp-json\/wp\/v2\/media\/959568"}],"wp:attachment":[{"href":"https:\/\/www.europesays.com\/de\/wp-json\/wp\/v2\/media?parent=959567"}],"wp:term":[{"taxonomy":"category","embeddable":true,"href":"https:\/\/www.europesays.com\/de\/wp-json\/wp\/v2\/categories?post=959567"},{"taxonomy":"post_tag","embeddable":true,"href":"https:\/\/www.europesays.com\/de\/wp-json\/wp\/v2\/tags?post=959567"}],"curies":[{"name":"wp","href":"https:\/\/api.w.org\/{rel}","templated":true}]}}