{"id":959644,"date":"2026-04-20T11:49:15","date_gmt":"2026-04-20T11:49:15","guid":{"rendered":"https:\/\/www.europesays.com\/de\/959644\/"},"modified":"2026-04-20T11:49:15","modified_gmt":"2026-04-20T11:49:15","slug":"raubueberfall-in-wuppertal-30-jaehriger-bekommt-pfefferspray-ins-gesicht","status":"publish","type":"post","link":"https:\/\/www.europesays.com\/de\/959644\/","title":{"rendered":"Raub\u00fcberfall in Wuppertal: 30-J\u00e4hriger bekommt Pfefferspray ins Gesicht"},"content":{"rendered":"<p class=\"text_ohne_einzug richtext text-em-55 !leading-serif mx-6 desktop:mx-0\">Bei einem Raub\u00fcberfall ist in der Nacht zu Samstag, 18. April, gegen 2.15 Uhr ein 30-J\u00e4hriger verletzt worden. Laut Polizei war der 30-J\u00e4hrige zu Fu\u00df an der Stra\u00dfe M\u00fchlenweg auf H\u00f6he der Spielhalle unterwegs. Da liefen drei M\u00e4nner auf ihn zu. Die Angreifer zogen ihm Geldb\u00f6rse und Handy aus den Hosentaschen und spr\u00fchten ihm Pfefferspray ins Gesicht. Anschlie\u00dfend fl\u00fcchteten die T\u00e4ter Richtung Bachstra\u00dfe.<\/p>\n<p class=\"richtext text-em-55 !leading-serif mx-6 desktop:mx-0\">Der Rettungsdienst brachte den 30-J\u00e4hrigen zur medizinischen Versorgung ins Krankenhaus. Bei den R\u00e4ubern handelt es sich um drei M\u00e4nner im Alter zwischen 20 und 30 Jahren. Sie sind circa 1,70 bis 1,80 Meter gro\u00df und \u201evon s\u00fcdl\u00e4ndischem Erscheinungsbild\u201c. Zur Tatzeit trugen sie dunkle Kleidung. Die Kriminalpolizei hat die Ermittlungen aufgenommen und bittet Zeugen und Hinweisgeber, sich bei der Polizei unter 0202 284 0 zu melden.<\/p>\n","protected":false},"excerpt":{"rendered":"Bei einem Raub\u00fcberfall ist in der Nacht zu Samstag, 18. April, gegen 2.15 Uhr ein 30-J\u00e4hriger verletzt worden.&hellip;\n","protected":false},"author":2,"featured_media":959645,"comment_status":"","ping_status":"","sticky":false,"template":"","format":"standard","meta":{"footnotes":"","_share_on_mastodon":"0"},"categories":[1840],"tags":[3364,29,30,8131,18273,3263,5402,1209,3905,5309,3906,4418],"class_list":["post-959644","post","type-post","status-publish","format-standard","has-post-thumbnail","category-wuppertal","tag-de","tag-deutschland","tag-germany","tag-gesicht","tag-jaehriger","tag-krankenhaus","tag-maenner","tag-nordrhein-westfalen","tag-pfefferspray","tag-raubueberfall","tag-rettungsdienst","tag-wuppertal"],"share_on_mastodon":{"url":"https:\/\/pubeurope.com\/@de\/116436885062116490","error":""},"_links":{"self":[{"href":"https:\/\/www.europesays.com\/de\/wp-json\/wp\/v2\/posts\/959644","targetHints":{"allow":["GET"]}}],"collection":[{"href":"https:\/\/www.europesays.com\/de\/wp-json\/wp\/v2\/posts"}],"about":[{"href":"https:\/\/www.europesays.com\/de\/wp-json\/wp\/v2\/types\/post"}],"author":[{"embeddable":true,"href":"https:\/\/www.europesays.com\/de\/wp-json\/wp\/v2\/users\/2"}],"replies":[{"embeddable":true,"href":"https:\/\/www.europesays.com\/de\/wp-json\/wp\/v2\/comments?post=959644"}],"version-history":[{"count":0,"href":"https:\/\/www.europesays.com\/de\/wp-json\/wp\/v2\/posts\/959644\/revisions"}],"wp:featuredmedia":[{"embeddable":true,"href":"https:\/\/www.europesays.com\/de\/wp-json\/wp\/v2\/media\/959645"}],"wp:attachment":[{"href":"https:\/\/www.europesays.com\/de\/wp-json\/wp\/v2\/media?parent=959644"}],"wp:term":[{"taxonomy":"category","embeddable":true,"href":"https:\/\/www.europesays.com\/de\/wp-json\/wp\/v2\/categories?post=959644"},{"taxonomy":"post_tag","embeddable":true,"href":"https:\/\/www.europesays.com\/de\/wp-json\/wp\/v2\/tags?post=959644"}],"curies":[{"name":"wp","href":"https:\/\/api.w.org\/{rel}","templated":true}]}}