{"id":959699,"date":"2026-04-20T12:23:22","date_gmt":"2026-04-20T12:23:22","guid":{"rendered":"https:\/\/www.europesays.com\/de\/959699\/"},"modified":"2026-04-20T12:23:22","modified_gmt":"2026-04-20T12:23:22","slug":"abwanderung-aus-leipzig-suburbanisierungswelle-bekam-2024-einen-knick-%c2%b7-leipziger-zeitung","status":"publish","type":"post","link":"https:\/\/www.europesays.com\/de\/959699\/","title":{"rendered":"Abwanderung aus Leipzig: Suburbanisierungswelle bekam 2024 einen Knick \u00b7 Leipziger Zeitung"},"content":{"rendered":"<p>Leipzig k\u00f6nnte durchaus noch st\u00e4rker wachsen, w\u00fcrden nicht jedes Jahr Hunderte Haushalte ihren Lebensmittelpunkt in die angrenzenden Gemeinden und Landkreise verlegen. Oft einfach deshalb, weil es f\u00fcr eine wachsende Familie in der Stadt keine geeigneten Wohnungsangebote mehr gibt und der Erwerb von Eigenheimen im Speckg\u00fcrtel deutlich preiswerter ist als in Leipzig.<\/p>\n<p>Um 1.030 Personen wuchs Leipzigs Einwohnerzahl 2025, wenn man die Zahlen aus dem Melderegister der Stadt zugrunde legt. Es h\u00e4tte auch 2.700 mehr sein k\u00f6nnen, g\u00e4be es die Abwanderung ins Umland nicht.<img decoding=\"async\" src=\"https:\/\/www.europesays.com\/de\/wp-content\/uploads\/2026\/04\/bbf11b55932d4f5ab43f760363c192a1.gif\" width=\"https:\/\/www.l-iz.de\/politik\/kassensturz\/2026\/04\/1\" height=\"https:\/\/www.l-iz.de\/politik\/kassensturz\/2026\/04\/1\" alt=\"\"\/><\/p>\n<p>Andrea Schultz und Manuela Lagrange zeigen in ihrem Beitrag zu diesem Thema im gerade vorgelegten Quartalsbericht 4\/2025 schon etwas Zuversicht, wenn sie titeln: \u201eSuburbanisierungswelle in Leipzig ebbt ab\u201c. Zumindest ist die Zahl der Personen, die Leipzig in Richtung Umland verlassen, wieder gesunken.<\/p>\n<p>\u201eDie Abwanderung in die Leipziger Umlandkreise Anhalt-Bitterfeld, Nordsachsen, Landkreis Leipzig, Altenburger Land und Saalekreis nahm zwischen 2018 und 2022 zun\u00e4chst deutlich zu\u201c, stellen die beiden Autorinnen des Beitrags fest. \u201eIm Jahr 2018 verzeichnete Leipzig noch einen Wanderungsverlust von 1.524 Personen in diese Umlandkreise. Bis 2022 stieg dieser Verlust auf 4.452 Personen an. In diesem Zeitraum ver\u00e4nderte sich nicht nur das Ausma\u00df der Leipziger Suburbanisierung, sondern auch ihre r\u00e4umliche Dimension.\u201c<\/p>\n<p><a href=\"https:\/\/www.europesays.com\/de\/wp-content\/uploads\/2026\/04\/sub3.jpg\"><img loading=\"lazy\" decoding=\"async\" class=\"wp-image-654321 size-full\" src=\"https:\/\/www.europesays.com\/de\/wp-content\/uploads\/2026\/04\/sub3.jpg\" alt=\"Die Abwanderung ins Leipziger Umland in den Jahren 2022 bis 2025. Grafik: Stadt Leipzig, Quartalsbericht 4 \/ 2025\" width=\"2250\" height=\"1500\"  \/><\/a>Die Abwanderung ins Leipziger Umland in den Jahren 2022 bis 2025. Grafik: Stadt Leipzig, Quartalsbericht 4\/2025<\/p>\n<p>\u201eDer suburbane Raum [\u2026] hat sich [\u2026] von Jahr zu Jahr etwas ausgedehnt\u201c, zitierte sie einen Beitrag von Andrea Schultz aus dem Jahr 2022. \u201eDie verst\u00e4rkte Abwanderung ins Umland zu Beginn der 2020er Jahre wurde dabei nicht nur f\u00fcr Leipzig festgestellt, auch f\u00fcr andere deutsche St\u00e4dten beobachtet Siedentop (2024) dieses Ph\u00e4nomen und beschrieb es als \u201af\u00fcnfte Suburbanisierung\u2018.\u201c<\/p>\n<p>Das Thema der Abwanderung gerade von Familien mit Kindern ist auch regelm\u00e4\u00dfig Thema im Stadtrat. Zuletzt wurde es wieder in der <a href=\"http:\/\/www.l-iz.de\/politik\/leipzig\/2026\/04\/der-stadtrat-tagte-hitzige-diskussion-erbbaupacht-kauf-eigenheimgrundstucke-leipzig-653475\" target=\"_blank\" rel=\"noopener nofollow\">Debatte um den Eigenheimbau in Leipzig<\/a> aufgerufen. Die These dahinter: Weil Familien mit Kindern in Leipzig keinen bezahlbaren Baugrund f\u00fcr Eigenheime mehr finden, wandern sie ins Umland ab.<\/p>\n<p>Ausgeblendet wird dabei zumeist, dass es in Leipzig auch immer weniger bezahlbare Mietwohnungen f\u00fcr Familien mit Kindern gibt. Der Leipziger Mietwohnungsmarkt mit seinen gestiegenen Mieten spielt eine nicht zu vernachl\u00e4ssigende Rolle bei dieser Drift ins Umland.<\/p>\n<p>Aber Schultz und Lagrange zeigen sich in ihrem Beitrag zuversichtlich: \u201eSeit dem Jahr 2022 geht die Suburbanisierung in Leipzig wieder zur\u00fcck, die \u2018Welle\u2019 ebbt ab. Die Wanderungsverluste in die f\u00fcnf Umlandkreise nehmen Jahr f\u00fcr Jahr wieder ab und stagnieren seit 2024. Gleichzeitig zieht sich der suburbane Raum in seiner Ausdehnung wieder zusammen: Die r\u00e4umliche Reichweite hoher Wanderungsverluste aus der Kernstadt verringert sich erneut \u2026\u201c<\/p>\n","protected":false},"excerpt":{"rendered":"Leipzig k\u00f6nnte durchaus noch st\u00e4rker wachsen, w\u00fcrden nicht jedes Jahr Hunderte Haushalte ihren Lebensmittelpunkt in die angrenzenden Gemeinden&hellip;\n","protected":false},"author":2,"featured_media":959700,"comment_status":"","ping_status":"","sticky":false,"template":"","format":"standard","meta":{"footnotes":"","_share_on_mastodon":"0"},"categories":[1832],"tags":[3364,46540,29,30,71,25242,859,208712],"class_list":["post-959699","post","type-post","status-publish","format-standard","has-post-thumbnail","category-leipzig","tag-de","tag-demografie","tag-deutschland","tag-germany","tag-leipzig","tag-quartalsbericht","tag-sachsen","tag-suburbanisierung"],"share_on_mastodon":{"url":"https:\/\/pubeurope.com\/@de\/116437018876551131","error":""},"_links":{"self":[{"href":"https:\/\/www.europesays.com\/de\/wp-json\/wp\/v2\/posts\/959699","targetHints":{"allow":["GET"]}}],"collection":[{"href":"https:\/\/www.europesays.com\/de\/wp-json\/wp\/v2\/posts"}],"about":[{"href":"https:\/\/www.europesays.com\/de\/wp-json\/wp\/v2\/types\/post"}],"author":[{"embeddable":true,"href":"https:\/\/www.europesays.com\/de\/wp-json\/wp\/v2\/users\/2"}],"replies":[{"embeddable":true,"href":"https:\/\/www.europesays.com\/de\/wp-json\/wp\/v2\/comments?post=959699"}],"version-history":[{"count":0,"href":"https:\/\/www.europesays.com\/de\/wp-json\/wp\/v2\/posts\/959699\/revisions"}],"wp:featuredmedia":[{"embeddable":true,"href":"https:\/\/www.europesays.com\/de\/wp-json\/wp\/v2\/media\/959700"}],"wp:attachment":[{"href":"https:\/\/www.europesays.com\/de\/wp-json\/wp\/v2\/media?parent=959699"}],"wp:term":[{"taxonomy":"category","embeddable":true,"href":"https:\/\/www.europesays.com\/de\/wp-json\/wp\/v2\/categories?post=959699"},{"taxonomy":"post_tag","embeddable":true,"href":"https:\/\/www.europesays.com\/de\/wp-json\/wp\/v2\/tags?post=959699"}],"curies":[{"name":"wp","href":"https:\/\/api.w.org\/{rel}","templated":true}]}}