{"id":959749,"date":"2026-04-20T12:50:19","date_gmt":"2026-04-20T12:50:19","guid":{"rendered":"https:\/\/www.europesays.com\/de\/959749\/"},"modified":"2026-04-20T12:50:19","modified_gmt":"2026-04-20T12:50:19","slug":"italien-juergen-klinsmanns-sohn-jonathan-bricht-sich-halswirbel-sport","status":"publish","type":"post","link":"https:\/\/www.europesays.com\/de\/959749\/","title":{"rendered":"Italien: J\u00fcrgen Klinsmanns Sohn Jonathan bricht sich Halswirbel | Sport"},"content":{"rendered":"<p><a class=\"skip-content skip-content--link\" href=\"#in-content-skip-link-target-v-0-0\">TTS-Player \u00fcberspringen\u21b5<\/a><a id=\"in-content-skip-link-target-v-0-0\" class=\"skip-content--target-link-hidden skip-content skip-content--target-link\" href=\"#in-content-skip-link-target-v-0-0\">Artikel weiterlesen<\/a><\/p>\n<p><b>Schock in Italien: Jonathan Klinsmann (29) hat sich schwer verletzt! Der Torh\u00fcter des AC Cesena zog sich bei einem Spiel eine Fraktur des ersten Halswirbels zu. Das best\u00e4tigte sein Klub. F\u00fcr den Sohn von Weltmeister J\u00fcrgen Klinsmann (61) ist die Verletzung gleichbedeutend mit dem Saison-Aus.<\/b><\/p>\n<p>Passiert ist die Horror-Szene beim Ausw\u00e4rtsspiel in der Serie B gegen US Palermo (0:2). In den Schlusssekunden prallte Klinsmann bei einer Abwehraktion mit Filippo Ranocchia zusammen und bekam dabei einen heftigen Schlag an den Kopf. Besonders bitter: Der Keeper brachte die Partie sogar noch zu Ende, ehe er nach dem Schlusspfiff umgehend in ein Krankenhaus in Palermo gebracht wurde.<\/p>\n<p>Zun\u00e4chst war noch von einer weniger schweren Verletzung die Rede. Sp\u00e4ter best\u00e4tigte Cesena jedoch die ernste Diagnose. Der Klub erkl\u00e4rte, dass Klinsmann sich nun weiteren Untersuchungen sowie einer neurochirurgischen Fachberatung unterziehen m\u00fcsse. Damit ist klar: An ein schnelles Comeback ist nicht zu denken.<\/p>\n<p>Mehr zum ThemaDer Weg zur\u00fcck ist lang<\/p>\n<p>Auch aus dem Umfeld des Torh\u00fcters kommen besorgte T\u00f6ne. Sein Manager Marco De Marchi sagte laut Medienberichten: \u201eDer Weg zur Heilung wird lang sein.\u201c Eine Aussage, die zeigt, wie ernst die Lage ist.<\/p>\n<p>F\u00fcr den 29-J\u00e4hrigen ist die Verletzung besonders bitter, weil er sportlich gerade in einer starken Phase war. Seit seinem Wechsel nach Italien im Jahr 2024 hat sich der in M\u00fcnchen geborene US-Amerikaner beim AC Cesena als Nummer 1 etabliert. Zuvor war Klinsmann unter anderem bei Hertha BSC, dem FC St. Gallen und LA Galaxy aktiv. In Deutschland blieb ihm der ganz gro\u00dfe Durchbruch zwar verwehrt, in Italien hatte er sich jedoch zuletzt klar festgespielt.<\/p>\n<p><img decoding=\"async\" width=\"992\" height=\"558\" alt=\"Rettungskr\u00e4fte eilten auf das Feld nach der Klinsi-Verletzung\" src=\"https:\/\/www.europesays.com\/de\/wp-content\/uploads\/2026\/04\/c7afa62293b0650b91bf231578b36d44,47d0c0d6.jpeg\"   class=\"landscape\" loading=\"lazy\"\/><\/p>\n<p class=\"fig__caption__text\">Rettungskr\u00e4fte eilten auf das Feld nach der Klinsi-Verletzung<\/p>\n<p>Foto: Vincenzo Orlando\/LiveMedia-IPA\/ZUMA Press Wire\/dpa<\/p>\n<p>Der Ausfall trifft Cesena auch sportlich empfindlich. In der entscheidenden Phase der Saison k\u00e4mpft der Klub um Rang acht \u2013 der w\u00fcrde zur Teilnahme an den Aufstiegs-Playoffs f\u00fcr die Serie A berechtigen. Ohne seinen Stammtorh\u00fcter wird dieser Endspurt nun deutlich komplizierter.<\/p>\n","protected":false},"excerpt":{"rendered":"TTS-Player \u00fcberspringen\u21b5Artikel weiterlesen Schock in Italien: Jonathan Klinsmann (29) hat sich schwer verletzt! Der Torh\u00fcter des AC Cesena&hellip;\n","protected":false},"author":2,"featured_media":959750,"comment_status":"","ping_status":"","sticky":false,"template":"","format":"standard","meta":{"footnotes":"","_share_on_mastodon":"0"},"categories":[136],"tags":[29,538,347,30,3890,1088,355,102024,147850,9662,804,265,45,7936,2627,46537],"class_list":["post-959749","post","type-post","status-publish","format-standard","has-post-thumbnail","category-sport","tag-deutschland","tag-erste-bundesliga","tag-fussball","tag-germany","tag-graubrot","tag-hertha-bsc","tag-italien","tag-klinsmann-juergen","tag-los-angeles-galaxy","tag-no-sport-app","tag-serie-a","tag-sport","tag-texttospeech","tag-torwart","tag-verletzungen","tag-weltmeister"],"share_on_mastodon":{"url":"https:\/\/pubeurope.com\/@de\/116437126087927876","error":""},"_links":{"self":[{"href":"https:\/\/www.europesays.com\/de\/wp-json\/wp\/v2\/posts\/959749","targetHints":{"allow":["GET"]}}],"collection":[{"href":"https:\/\/www.europesays.com\/de\/wp-json\/wp\/v2\/posts"}],"about":[{"href":"https:\/\/www.europesays.com\/de\/wp-json\/wp\/v2\/types\/post"}],"author":[{"embeddable":true,"href":"https:\/\/www.europesays.com\/de\/wp-json\/wp\/v2\/users\/2"}],"replies":[{"embeddable":true,"href":"https:\/\/www.europesays.com\/de\/wp-json\/wp\/v2\/comments?post=959749"}],"version-history":[{"count":0,"href":"https:\/\/www.europesays.com\/de\/wp-json\/wp\/v2\/posts\/959749\/revisions"}],"wp:featuredmedia":[{"embeddable":true,"href":"https:\/\/www.europesays.com\/de\/wp-json\/wp\/v2\/media\/959750"}],"wp:attachment":[{"href":"https:\/\/www.europesays.com\/de\/wp-json\/wp\/v2\/media?parent=959749"}],"wp:term":[{"taxonomy":"category","embeddable":true,"href":"https:\/\/www.europesays.com\/de\/wp-json\/wp\/v2\/categories?post=959749"},{"taxonomy":"post_tag","embeddable":true,"href":"https:\/\/www.europesays.com\/de\/wp-json\/wp\/v2\/tags?post=959749"}],"curies":[{"name":"wp","href":"https:\/\/api.w.org\/{rel}","templated":true}]}}