{"id":959753,"date":"2026-04-20T12:52:18","date_gmt":"2026-04-20T12:52:18","guid":{"rendered":"https:\/\/www.europesays.com\/de\/959753\/"},"modified":"2026-04-20T12:52:18","modified_gmt":"2026-04-20T12:52:18","slug":"amd-bringt-ryzen-7-5800x3d-angeblich-zum-10-jaehrigen-am4-geburtstag-zurueck","status":"publish","type":"post","link":"https:\/\/www.europesays.com\/de\/959753\/","title":{"rendered":"AMD bringt Ryzen 7 5800X3D angeblich zum 10-j\u00e4hrigen AM4-Geburtstag zur\u00fcck"},"content":{"rendered":"<p>AMD k\u00f6nnte der betagten AM4-Plattform in den kommenden Monaten wieder mehr Aufmerksamkeit schenken. Im zweiten Quartal 2026 kommt angeblich der Achtkern-Prozessor Ryzen 7 5800X3D zur\u00fcck in den Handel.<\/p>\n<p>        Weiterlesen nach der Anzeige<\/p>\n<p>Das <a href=\"https:\/\/x.com\/9550pro\/status\/2044742332025880866\" rel=\"external noopener nofollow\" target=\"_blank\">berichtet der X-Account \u201e@9550pro\u201c<\/a>, der mit seinen Vorabinformationen schon h\u00e4ufig korrekt lag. Ein Beitrag zeigt eine chinesische Pr\u00e4sentationsfolie zum Prozessor, ein anderer die mutma\u00dfliche internationale Verpackung.<\/p>\n<p>10-j\u00e4hriges Jubil\u00e4um<\/p>\n<p>Demnach will AMD mit der \u201e10th AMD AM4 Anniversary Edition\u201c das zehnj\u00e4hrige Bestehen der AM4-Plattform feiern. Im September 2016 erschienen die ersten Prozessoren f\u00fcr AM4-Mainboards, damals noch in Form von <a href=\"https:\/\/www.heise.de\/news\/AMD-Bristol-Ridge-Acht-Desktop-Prozessoren-fuer-AM4-Mainboards-3314224.html\" rel=\"nofollow noopener\" target=\"_blank\">Vierkern-APUs mit Excavator-Architektur<\/a> wie dem A12-9800. Die ersten Modelle mit Zen-Architektur folgten im M\u00e4rz 2017, angef\u00fchrt vom <a href=\"https:\/\/www.heise.de\/hintergrund\/Achtkern-Prozessor-Ryzen-7-1800X-im-Test-3638058.html\" rel=\"nofollow noopener\" target=\"_blank\">Achtkerner Ryzen 7 1800X<\/a>.<\/p>\n<p>Der <a class=\"heiseplus-lnk\" href=\"https:\/\/www.heise.de\/tests\/High-End-Prozessoren-AMD-Ryzen-7-5800X3D-vs-Intel-Core-i9-12900KS-im-Test-7140119.html\" rel=\"nofollow noopener\" target=\"_blank\">Ryzen 7 5800X3D<\/a> war AMDs erster Prozessor mit gestapeltem Zusatz-Cache. Ein Chiplet verdreifachte den Level-3-Cache von 32 auf 96 MByte, was insbesondere in vielen 3D-Spielen die Bildrate erh\u00f6ht. Inzwischen gibt es zwei Nachfolger: den Ryzen 7 7800X3D und Ryzen 7 9800X3D beziehungsweise die <a class=\"heiseplus-lnk\" href=\"https:\/\/www.heise.de\/tests\/Mehr-Singlethreading-Leistung-Gaming-CPU-AMD-Ryzen-7-9850X3D-im-Test-11134050.html\" rel=\"nofollow noopener\" target=\"_blank\">beschleunigte Version Ryzen 7 9850X3D<\/a>.<\/p>\n<p>Seit dem Herbst 2024 ist der Ryzen 7 5800X3D nicht mehr verf\u00fcgbar. AMD l\u00f6ste ihn durch den minimal niedriger getakteten Ryzen 7 5700X3D ab, der seit dem Herbst 2025 aber <a href=\"https:\/\/www.heise.de\/news\/AMD-stellt-den-letzten-X3D-Prozessor-fuer-AM4-ein-10526854.html\" rel=\"nofollow noopener\" target=\"_blank\">ebenfalls nicht mehr erh\u00e4ltlich ist<\/a>. Seitdem gibt es X3D-Prozessoren nur noch f\u00fcr AM5-Mainboards.<\/p>\n<p>        Weiterlesen nach der Anzeige<\/p>\n<p>An den Spezifikationen zwischen dem urspr\u00fcnglichen Ryzen 7 5800X3D und der 10th AMD AM4 Anniversary Edition soll sich nichts \u00e4ndern. Die maximale Taktfrequenz soll weiter bei 4,5 GHz liegen, die standardm\u00e4\u00dfige Thermal Design Power (TDP) bei 105 Watt. Zur Preisgestaltung gibt es keine Informationen.<\/p>\n<p>(<a class=\"redakteurskuerzel__link\" href=\"https:\/\/www.heise.de\/news\/mailto:mma@heise.de\" title=\"Mark Mantel\" rel=\"nofollow noopener\" target=\"_blank\">mma<\/a>)<\/p>\n<p>\n      Dieser Link ist leider nicht mehr g\u00fcltig.\n    <\/p>\n<p>Links zu verschenkten Artikeln werden ung\u00fcltig,<br \/>\n      wenn diese \u00e4lter als 7\u00a0Tage sind oder zu oft aufgerufen wurden.\n    <\/p>\n<p><strong>Sie ben\u00f6tigen ein heise+ Paket, um diesen Artikel zu lesen. Jetzt eine Woche unverbindlich testen \u2013 ohne Verpflichtung!<\/strong><\/p>\n","protected":false},"excerpt":{"rendered":"AMD k\u00f6nnte der betagten AM4-Plattform in den kommenden Monaten wieder mehr Aufmerksamkeit schenken. Im zweiten Quartal 2026 kommt&hellip;\n","protected":false},"author":2,"featured_media":959754,"comment_status":"","ping_status":"","sticky":false,"template":"","format":"standard","meta":{"footnotes":"","_share_on_mastodon":"0"},"categories":[135],"tags":[21202,47575,29,30,11172,196,262,190,189,194,191,193,192],"class_list":["post-959753","post","type-post","status-publish","format-standard","has-post-thumbnail","category-wissenschaft-technik","tag-amd","tag-amd-ryzen","tag-deutschland","tag-germany","tag-hardware","tag-it","tag-prozessoren","tag-science","tag-science-technology","tag-technik","tag-technology","tag-wissenschaft","tag-wissenschaft-technik"],"share_on_mastodon":{"url":"https:\/\/pubeurope.com\/@de\/116437132889474735","error":""},"_links":{"self":[{"href":"https:\/\/www.europesays.com\/de\/wp-json\/wp\/v2\/posts\/959753","targetHints":{"allow":["GET"]}}],"collection":[{"href":"https:\/\/www.europesays.com\/de\/wp-json\/wp\/v2\/posts"}],"about":[{"href":"https:\/\/www.europesays.com\/de\/wp-json\/wp\/v2\/types\/post"}],"author":[{"embeddable":true,"href":"https:\/\/www.europesays.com\/de\/wp-json\/wp\/v2\/users\/2"}],"replies":[{"embeddable":true,"href":"https:\/\/www.europesays.com\/de\/wp-json\/wp\/v2\/comments?post=959753"}],"version-history":[{"count":0,"href":"https:\/\/www.europesays.com\/de\/wp-json\/wp\/v2\/posts\/959753\/revisions"}],"wp:featuredmedia":[{"embeddable":true,"href":"https:\/\/www.europesays.com\/de\/wp-json\/wp\/v2\/media\/959754"}],"wp:attachment":[{"href":"https:\/\/www.europesays.com\/de\/wp-json\/wp\/v2\/media?parent=959753"}],"wp:term":[{"taxonomy":"category","embeddable":true,"href":"https:\/\/www.europesays.com\/de\/wp-json\/wp\/v2\/categories?post=959753"},{"taxonomy":"post_tag","embeddable":true,"href":"https:\/\/www.europesays.com\/de\/wp-json\/wp\/v2\/tags?post=959753"}],"curies":[{"name":"wp","href":"https:\/\/api.w.org\/{rel}","templated":true}]}}