{"id":959999,"date":"2026-04-20T15:17:27","date_gmt":"2026-04-20T15:17:27","guid":{"rendered":"https:\/\/www.europesays.com\/de\/959999\/"},"modified":"2026-04-20T15:17:27","modified_gmt":"2026-04-20T15:17:27","slug":"krasse-nummer-weltstar-legt-bei-lok-leipzig-auf-sport","status":"publish","type":"post","link":"https:\/\/www.europesays.com\/de\/959999\/","title":{"rendered":"Krasse Nummer: Weltstar legt bei Lok Leipzig auf | Sport"},"content":{"rendered":"<p><a class=\"skip-content skip-content--link\" href=\"#in-content-skip-link-target-v-0-0\">TTS-Player \u00fcberspringen\u21b5<\/a><a id=\"in-content-skip-link-target-v-0-0\" class=\"skip-content--target-link-hidden skip-content skip-content--target-link\" href=\"#in-content-skip-link-target-v-0-0\">Artikel weiterlesen<\/a><\/p>\n<p><b>Vielleicht feiern die Fans von <\/b><a href=\"https:\/\/www.bild.de\/sport\/fussball\/lok-leipzig\/home-80643548.bild.html\" class=\"text-link\" rel=\"nofollow noopener\" target=\"_blank\"><b>Lok Leipzig<\/b><\/a><b> dann schon als Drittligist&#8230;<\/b><\/p>\n<p>Das wird  jedenfalls eine ziemlich gro\u00dfe Party auf dem Stadiongel\u00e4nde von Lok Leipzig. Star-DJ Paul von Dyk wird am 20. Juni auflegen. Der Mann, in Eisenh\u00fcttenstadt geboren, ist nicht nur einer der angesagtesten DJs weltweit, sondern auch ein angesehener Musikproduzent. Er remixte Songs von Top-Stars wie Justin Timberlake, New Order und U2. Seine bekannteste Hymne ist der Ohrwurm \u201eFor An Angel\u201c von 1998.<\/p>\n<p>Star-DJ Paul van Dyk bei Lok Leipzig<\/p>\n<p>Doch warum tritt der Weltstar, der bekennender Fan von Borussia Dortmund ist, ausgerechnet im Stadion von Lok Leipzig auf? Der Klub vermietet den Hartplatz des Gel\u00e4ndes seit jeher f\u00fcr \u00f6ffentliche Veranstaltungen wie das Holi-Festival oder wie im letzten Jahr die Mallorca-Party. Lok kassiert daf\u00fcr rund 10.000 Euro Miete pro Veranstaltung, ein netter Nebenerwerb. Obendrein wird das kultige Stadion auch Fans zug\u00e4nglich gemacht, die sich bisher noch nicht f\u00fcr Lok interessierten und bei denen wom\u00f6glich die Neugier geweckt wird.<\/p>\n<p>\u00dcbrigens: Einen Tag zuvor steigt bei Lok Leipzig obendrein das Mega 90er Live Open Air mit Oli. P, Loona und Captain Jack. Wenn das nichts ist!<\/p>\n","protected":false},"excerpt":{"rendered":"TTS-Player \u00fcberspringen\u21b5Artikel weiterlesen Vielleicht feiern die Fans von Lok Leipzig dann schon als Drittligist&#8230; Das wird jedenfalls eine&hellip;\n","protected":false},"author":2,"featured_media":960000,"comment_status":"","ping_status":"","sticky":false,"template":"","format":"standard","meta":{"footnotes":"","_share_on_mastodon":"0"},"categories":[1832],"tags":[3364,29,30,71,3457,3458,859,4580,3460,45,208772],"class_list":["post-959999","post","type-post","status-publish","format-standard","has-post-thumbnail","category-leipzig","tag-de","tag-deutschland","tag-germany","tag-leipzig","tag-lok-leipzig","tag-regionalliga-nordost","tag-sachsen","tag-schmidt-andre","tag-sport-leuchtturm-leipzig","tag-texttospeech","tag-van-dyk-paul"],"share_on_mastodon":{"url":"https:\/\/pubeurope.com\/@de\/116437703030143140","error":""},"_links":{"self":[{"href":"https:\/\/www.europesays.com\/de\/wp-json\/wp\/v2\/posts\/959999","targetHints":{"allow":["GET"]}}],"collection":[{"href":"https:\/\/www.europesays.com\/de\/wp-json\/wp\/v2\/posts"}],"about":[{"href":"https:\/\/www.europesays.com\/de\/wp-json\/wp\/v2\/types\/post"}],"author":[{"embeddable":true,"href":"https:\/\/www.europesays.com\/de\/wp-json\/wp\/v2\/users\/2"}],"replies":[{"embeddable":true,"href":"https:\/\/www.europesays.com\/de\/wp-json\/wp\/v2\/comments?post=959999"}],"version-history":[{"count":0,"href":"https:\/\/www.europesays.com\/de\/wp-json\/wp\/v2\/posts\/959999\/revisions"}],"wp:featuredmedia":[{"embeddable":true,"href":"https:\/\/www.europesays.com\/de\/wp-json\/wp\/v2\/media\/960000"}],"wp:attachment":[{"href":"https:\/\/www.europesays.com\/de\/wp-json\/wp\/v2\/media?parent=959999"}],"wp:term":[{"taxonomy":"category","embeddable":true,"href":"https:\/\/www.europesays.com\/de\/wp-json\/wp\/v2\/categories?post=959999"},{"taxonomy":"post_tag","embeddable":true,"href":"https:\/\/www.europesays.com\/de\/wp-json\/wp\/v2\/tags?post=959999"}],"curies":[{"name":"wp","href":"https:\/\/api.w.org\/{rel}","templated":true}]}}