{"id":960046,"date":"2026-04-20T15:48:27","date_gmt":"2026-04-20T15:48:27","guid":{"rendered":"https:\/\/www.europesays.com\/de\/960046\/"},"modified":"2026-04-20T15:48:27","modified_gmt":"2026-04-20T15:48:27","slug":"fc-bayern-sohn-von-harry-kane-haut-joshua-kimmich-bei-meisterfeier","status":"publish","type":"post","link":"https:\/\/www.europesays.com\/de\/960046\/","title":{"rendered":"FC Bayern: Sohn von Harry Kane haut Joshua Kimmich bei Meisterfeier"},"content":{"rendered":"<p>Skurrile Szene bei Bayerns Meisterfeier <\/p>\n<p>Kane-Sohn haut Joshua Kimmich<\/p>\n<p>20.04.2026 &#8211; 16:57 UhrLesedauer: 2 Min.<\/p>\n<p><a href=\"#focus-0\" class=\"transition-colors duration-200 block text-current relative\" data-sctrack=\"FocusGalleryImage.Reference\"><img fetchpriority=\"high\" data-testid=\"Opener.Image\" style=\"--lqipURL:url('https:\/\/images.t-online.de\/2026\/04\/OqXpMQiqUQ6z\/629x55:2481x1395\/fit-in\/150x0\/filters:blur(25)\/joshua-kimmich-fc-bayern-muenchen-gestikuliert-gestik-waehrend-des-spiels-der-bundesliga-zwischen-fc-bayern-muenchen-und-vfb-stuttgart-allianz-arena-am-19-april-2026-in-muenchen-deutschland-foto-von-harry-langer-defodi-images-joshua-kimmich-fc-bayern-muenchen-gestures-during-the-bundesliga-match-between-fc-bayern-muenchen-and-vfb-stuttgart-at-allianz-arena-on-april-19-2026-in-muenchen-germany-photo-by-harry-langer-defodi-images-dfl-regulations-prohibit-any-use-of-photographs-as-image-sequences.jpg')\"   loading=\"eager\" src=\"https:\/\/www.europesays.com\/de\/wp-content\/uploads\/2026\/04\/joshua-kimmich-fc-bayern-muenchen-gestikuliert-gestik-waehrend-des-spiels-der-bundesliga-zwischen-fc.jpeg\" alt=\"imago images 1076350813\" title=\"imago images 1076350813\" width=\"2481\" height=\"1395\" class=\"bg-[url:var(--lqipURL)] bg-cover bg-center flex h-full w-full max-w-full\" decoding=\"async\"\/><img style=\"--width:32;--height:32\" loading=\"lazy\" src=\"https:\/\/www.t-online.de\/s\/paper\/_next\/static\/media\/zoom-in.f7dae02f.svg\" alt=\"Vergr\u00f6\u00dfern des Bildes\" title=\"Vergr\u00f6\u00dfern des Bildes\" class=\"block h-[calc(var(--height)_\/_16_*_1rem)] w-[calc(var(--width)_\/_16_*_1rem)] max-w-none absolute bottom-8 right-8 rounded-4 bg-snow p-8\" decoding=\"async\"\/><\/a><\/p>\n<p>Joshua Kimmich: Der DFB-Kapit\u00e4n hat mit dem FC Bayern erneut die deutsche Meisterschaft gewonnen. (Quelle: IMAGO\/DeFodi.de\/imago)<\/p>\n<p class=\"font-bold text-18 leading-17 user-text-lg:text-22 user-text-xl:text-24\">Bei der Meisterfeier des FC Bayern trifft Joshua Kimmich auf die Kinder von Harry Kane. Dessen Sohn hat offenbar mehr Kraft, als der DFB-Star erwartet.<\/p>\n<p class=\"text-18 leading-17 user-text-lg:text-22 user-text-xl:text-24\">Mit einem 4:2-Sieg \u00fcber den <a class=\"transition-colors duration-200 cursor-pointer text-inherit no-underline text-salemsfur md:hover:text-magenta md:hover:border-magenta md:focus:text-magenta border-current border-b border-solid break-words\" data-tracking=\"{&quot;action&quot;:&quot;click&quot;,&quot;category&quot;:&quot;intextLink&quot;,&quot;label&quot;:&quot;\/themen\/vfb-stuttgart\/&quot;}\" href=\"https:\/\/www.t-online.de\/themen\/vfb-stuttgart\/\" data-sctrack=\"BodyAnchor\" rel=\"nofollow noopener\" target=\"_blank\">VfB Stuttgart<\/a> hat der <a class=\"transition-colors duration-200 cursor-pointer text-inherit no-underline text-salemsfur md:hover:text-magenta md:hover:border-magenta md:focus:text-magenta border-current border-b border-solid break-words\" data-tracking=\"{&quot;action&quot;:&quot;click&quot;,&quot;category&quot;:&quot;intextLink&quot;,&quot;label&quot;:&quot;\/themen\/fc-bayern-muenchen\/&quot;}\" href=\"https:\/\/www.t-online.de\/themen\/fc-bayern-muenchen\/\" data-sctrack=\"BodyAnchor\" rel=\"nofollow noopener\" target=\"_blank\">FC Bayern<\/a> am Sonntagabend die 35. Meisterschaft der Vereinsgeschichte eingefahren \u2013 und das vier Spieltage vor dem Saisonende. Rapha\u00ebl Guerreiro, Nicolas Jackson, <a class=\"transition-colors duration-200 cursor-pointer text-inherit no-underline text-salemsfur md:hover:text-magenta md:hover:border-magenta md:focus:text-magenta border-current border-b border-solid break-words\" data-tracking=\"{&quot;action&quot;:&quot;click&quot;,&quot;category&quot;:&quot;intextLink&quot;,&quot;label&quot;:&quot;\/themen\/alphonso-davies\/&quot;}\" href=\"https:\/\/www.t-online.de\/themen\/alphonso-davies\/\" data-sctrack=\"BodyAnchor\" rel=\"nofollow noopener\" target=\"_blank\">Alphonso Davies<\/a> und <a class=\"transition-colors duration-200 cursor-pointer text-inherit no-underline text-salemsfur md:hover:text-magenta md:hover:border-magenta md:focus:text-magenta border-current border-b border-solid break-words\" data-tracking=\"{&quot;action&quot;:&quot;click&quot;,&quot;category&quot;:&quot;intextLink&quot;,&quot;label&quot;:&quot;\/themen\/harry-kane\/&quot;}\" href=\"https:\/\/www.t-online.de\/themen\/harry-kane\/\" data-sctrack=\"BodyAnchor\" rel=\"nofollow noopener\" target=\"_blank\">Harry Kane<\/a> trafen in der ausverkauften Allianz Arena und versetzten die Fans auf den R\u00e4ngen und die Spieler auf dem Rasen in Feierlaune.<\/p>\n<p class=\"text-18 leading-17 user-text-lg:text-22 user-text-xl:text-24\">Nach dem Schlusspfiff jubelten die Bayern-Profis in Kakadu-Shirts \u00fcber den Titelgewinn. Dabei kam es zu einer skurrilen Szene um <a class=\"transition-colors duration-200 cursor-pointer text-inherit no-underline text-salemsfur md:hover:text-magenta md:hover:border-magenta md:focus:text-magenta border-current border-b border-solid break-words\" data-tracking=\"{&quot;action&quot;:&quot;click&quot;,&quot;category&quot;:&quot;intextLink&quot;,&quot;label&quot;:&quot;\/themen\/joshua-kimmich\/&quot;}\" href=\"https:\/\/www.t-online.de\/themen\/joshua-kimmich\/\" data-sctrack=\"BodyAnchor\" rel=\"nofollow noopener\" target=\"_blank\">Joshua Kimmich<\/a> und die Kinder eines Mitspielers.<\/p>\n<p class=\"text-18 leading-17 user-text-lg:text-22 user-text-xl:text-24\">Was war passiert? Der Kapit\u00e4n der deutschen Nationalmannschaft traf auf dem Spielfeld auf den Nachwuchs von Mitspieler Harry Kane. Der Engl\u00e4nder hatte seine Kinder Ivy Jane (geboren 2017), Vivienne Jane (geboren 2018) sowie Louis Harry (geboren 2020) offensichtlich zu sich geholt.<\/p>\n<p>Empfohlener externer Inhalt<img style=\"--height:24\" loading=\"lazy\" src=\"https:\/\/www.t-online.de\/s\/paper\/_next\/static\/media\/twitter.03437b71.svg\" alt=\"X\" title=\"X\" class=\"block h-[calc(var(--height)_\/_16_*_1rem)] w-[calc(var(--width)_\/_16_*_1rem)] max-w-none undefined\" decoding=\"async\"\/>X<\/p>\n<p class=\"text-14 leading-15\">Wir ben\u00f6tigen Ihre Einwilligung, um den von unserer Redaktion eingebundenen X-Inhalt anzuzeigen. Sie k\u00f6nnen diesen (und damit auch alle weiteren X-Inhalte auf t-online.de) mit einem Klick anzeigen lassen und auch wieder deaktivieren.<\/p>\n<p>X-Inhalte immer anzeigen<\/p>\n<p>Ich bin damit einverstanden, dass mir externe Inhalte angezeigt werden. Damit k\u00f6nnen personenbezogene Daten an Drittplattformen \u00fcbermittelt werden. <a target=\"_blank\" class=\"transition-colors duration-200 cursor-pointer text-inherit no-underline text-magenta\" href=\"https:\/\/www.t-online.de\/datenschutz\/id_88397036\/index#17-externe-inhalte\" rel=\"nofollow noopener\">Mehr dazu in unseren Datenschutzhinweisen<\/a>.<\/p>\n<p class=\"text-18 leading-17 user-text-lg:text-22 user-text-xl:text-24\">Kimmich bot den Kane-Spr\u00f6sslingen an, mit ihm abzuklatschen. Der 31-J\u00e4hrige hob die Hand zum High Five \u2013 und hatte dabei offensichtlich nicht mit der Kraft von Louis Harry gerechnet. Denn der 5-J\u00e4hrige schlug mit voller Wucht auf Kimmichs Hand.<\/p>\n<p class=\"text-18 leading-17 user-text-lg:text-22 user-text-xl:text-24\">Der Mittelfeldspieler verzehrte daraufhin kurz das Gesicht, sch\u00fcttelte seine Hand, konnte aber direkt wieder lachen. Im Anschluss gaben auch Kanes T\u00f6chter noch ein High Five. Die beiden \u00e4lteren Kinder klatschten jedoch deutlich sanfter mit dem strahlenden Kimmich ab, der am Ende auch noch ihren Vater Harry Kane umarmte.<\/p>\n<p class=\"text-18 leading-17 user-text-lg:text-22 user-text-xl:text-24\">Am Mittwoch geht es f\u00fcr die Bayern im DFB-Pokal weiter (ab 20.30 Uhr im <a class=\"transition-colors duration-200 cursor-pointer text-inherit no-underline text-salemsfur md:hover:text-magenta md:hover:border-magenta md:focus:text-magenta border-current border-b border-solid break-words\" data-tracking=\"{&quot;action&quot;:&quot;click&quot;,&quot;category&quot;:&quot;intextLink&quot;,&quot;label&quot;:&quot;\/sport\/live-ticker\/heute\/&quot;}\" href=\"https:\/\/www.t-online.de\/sport\/live-ticker\/heute\/\" data-sctrack=\"BodyAnchor\" rel=\"nofollow noopener\" target=\"_blank\">Liveticker<\/a> bei t-online). Bei <a class=\"transition-colors duration-200 cursor-pointer text-inherit no-underline text-salemsfur md:hover:text-magenta md:hover:border-magenta md:focus:text-magenta border-current border-b border-solid break-words\" data-tracking=\"{&quot;action&quot;:&quot;click&quot;,&quot;category&quot;:&quot;intextLink&quot;,&quot;label&quot;:&quot;\/themen\/bayer-04-leverkusen\/&quot;}\" href=\"https:\/\/www.t-online.de\/themen\/bayer-04-leverkusen\/\" data-sctrack=\"BodyAnchor\" rel=\"nofollow noopener\" target=\"_blank\">Bayer Leverkusen<\/a> will das Team von Trainer <a class=\"transition-colors duration-200 cursor-pointer text-inherit no-underline text-salemsfur md:hover:text-magenta md:hover:border-magenta md:focus:text-magenta border-current border-b border-solid break-words\" data-tracking=\"{&quot;action&quot;:&quot;click&quot;,&quot;category&quot;:&quot;intextLink&quot;,&quot;label&quot;:&quot;\/themen\/vincent-kompany\/&quot;}\" href=\"https:\/\/www.t-online.de\/themen\/vincent-kompany\/\" data-sctrack=\"BodyAnchor\" rel=\"nofollow noopener\" target=\"_blank\">Vincent Kompany<\/a> mit einem Sieg ins Endspiel einziehen und die Chancen auf das Triple, bestehend aus Meisterschaft, Pokalsieg und <a class=\"transition-colors duration-200 cursor-pointer text-inherit no-underline text-salemsfur md:hover:text-magenta md:hover:border-magenta md:focus:text-magenta border-current border-b border-solid break-words\" data-tracking=\"{&quot;action&quot;:&quot;click&quot;,&quot;category&quot;:&quot;intextLink&quot;,&quot;label&quot;:&quot;\/sport\/ergebnisse-tabelle\/fussball\/champions-league-m\/ergebnisse\/sdc_fmdo-5\/champions-league-m-aktueller-spieltag.html&quot;}\" href=\"https:\/\/www.t-online.de\/sport\/ergebnisse-tabelle\/fussball\/champions-league-m\/ergebnisse\/sdc_fmdo-5\/champions-league-m-aktueller-spieltag.html\" data-sctrack=\"BodyAnchor\" rel=\"nofollow noopener\" target=\"_blank\">Champions League<\/a>, wahren.<\/p>\n","protected":false},"excerpt":{"rendered":"Skurrile Szene bei Bayerns Meisterfeier Kane-Sohn haut Joshua Kimmich 20.04.2026 &#8211; 16:57 UhrLesedauer: 2 Min. Joshua Kimmich: Der&hellip;\n","protected":false},"author":2,"featured_media":960047,"comment_status":"","ping_status":"","sticky":false,"template":"","format":"standard","meta":{"footnotes":"","_share_on_mastodon":"0"},"categories":[136],"tags":[2721,1534,772,29,481,458,30,11709,35855,208779,26634,92857,12304,265,2915],"class_list":["post-960046","post","type-post","status-publish","format-standard","has-post-thumbnail","category-sport","tag-allianz-arena","tag-alphonso-davies","tag-bayern","tag-deutschland","tag-dfb","tag-fc-bayern-muenchen","tag-germany","tag-harry-kane","tag-joshua-kimmich","tag-louis-harry","tag-meisterfeier","tag-nicolas-jackson","tag-raphael-guerreiro","tag-sport","tag-vfb-stuttgart"],"share_on_mastodon":{"url":"https:\/\/pubeurope.com\/@de\/116437825995144468","error":""},"_links":{"self":[{"href":"https:\/\/www.europesays.com\/de\/wp-json\/wp\/v2\/posts\/960046","targetHints":{"allow":["GET"]}}],"collection":[{"href":"https:\/\/www.europesays.com\/de\/wp-json\/wp\/v2\/posts"}],"about":[{"href":"https:\/\/www.europesays.com\/de\/wp-json\/wp\/v2\/types\/post"}],"author":[{"embeddable":true,"href":"https:\/\/www.europesays.com\/de\/wp-json\/wp\/v2\/users\/2"}],"replies":[{"embeddable":true,"href":"https:\/\/www.europesays.com\/de\/wp-json\/wp\/v2\/comments?post=960046"}],"version-history":[{"count":0,"href":"https:\/\/www.europesays.com\/de\/wp-json\/wp\/v2\/posts\/960046\/revisions"}],"wp:featuredmedia":[{"embeddable":true,"href":"https:\/\/www.europesays.com\/de\/wp-json\/wp\/v2\/media\/960047"}],"wp:attachment":[{"href":"https:\/\/www.europesays.com\/de\/wp-json\/wp\/v2\/media?parent=960046"}],"wp:term":[{"taxonomy":"category","embeddable":true,"href":"https:\/\/www.europesays.com\/de\/wp-json\/wp\/v2\/categories?post=960046"},{"taxonomy":"post_tag","embeddable":true,"href":"https:\/\/www.europesays.com\/de\/wp-json\/wp\/v2\/tags?post=960046"}],"curies":[{"name":"wp","href":"https:\/\/api.w.org\/{rel}","templated":true}]}}